{"id":25557,"date":"2025-01-19T20:44:47","date_gmt":"2025-01-19T20:44:47","guid":{"rendered":"https:\/\/247stiri.ro\/index.php\/2025\/01\/19\/descoperire-socanta-la-cluj-un-cadavru-a-fost-gasit-pe-malul-lacului-nu-se-stie-identitatea-persoanei-inca\/"},"modified":"2025-01-19T20:44:47","modified_gmt":"2025-01-19T20:44:47","slug":"descoperire-socanta-la-cluj-un-cadavru-a-fost-gasit-pe-malul-lacului-nu-se-stie-identitatea-persoanei-inca","status":"publish","type":"post","link":"https:\/\/247stiri.ro\/index.php\/2025\/01\/19\/descoperire-socanta-la-cluj-un-cadavru-a-fost-gasit-pe-malul-lacului-nu-se-stie-identitatea-persoanei-inca\/","title":{"rendered":"Descoperire \u0219ocant\u0103 la Cluj! Un cadavru a fost g\u0103sit pe malul lacului. Nu se \u0219tie identitatea persoanei \u00eenc\u0103"},"content":{"rendered":"<p>Apelul la serviciul de urgen\u021b\u0103 112 a pus \u00een alert\u0103 Poli\u021bia municipiului Cluj-Napoca, care a mobilizat o echip\u0103 de criminali\u0219ti \u0219i procurori pentru a investiga cazul. P\u00e2n\u0103 \u00een acest moment, primele examin\u0103ri efectuate la fa\u021ba locului nu au identificat urme de violen\u021b\u0103 sau traume evidente pe corpul victimei, suger\u00e2nd c\u0103 nu exist\u0103 indicii clare de agresiune care s\u0103 fi cauzat decesul.<\/p>\n<p>Echipele de poli\u021bie \u0219i procurorii continu\u0103 cercet\u0103rile pentru a determina identitatea persoanei decedate \u0219i circumstan\u021bele care au dus la acest eveniment.\u00a0<\/p>\n<p>\u201eLa data de 18 ianuarie a.c., \u00een jurul orei 16.00, Poli\u021bia municipiului Cluj-Napoca a fost sesizat\u0103, prin apel 112, cu privire la descoperirea unui cadavru pe malul unui lac situat pe raza localit\u0103\u021bii Chinteni. \u00cen urma sesiz\u0103rii, a fost constituit\u0103 o echip\u0103 complex\u0103, format\u0103 din poli\u021bi\u0219ti ai Poli\u021biei municipiului Cluj-Napoca, Serviciului de Investiga\u021bii Criminale \u0219i Serviciului Criminalistic, care au efectuat cercetarea la fa\u021ba locului, sub coordonarea unui procuror din cadrul Parchetului de pe l\u00e2ng\u0103 Tribunalul Cluj, pentru stabilirea tuturor circumstan\u021belor \u00een care a survenit decesul. Cu ocazia cercet\u0103rilor efectuate nu au fost descoperite probe, m\u0103rci traumatice ori leziuni de violen\u021b\u0103 care s\u0103 indice o posibil\u0103 cauz\u0103 de agresiune de natur\u0103 s\u0103-i fi provocat decesul. \u00cen prezent, se desf\u0103\u0219oar\u0103 activit\u0103\u021bi pentru identificarea cadavrului \u0219i clarificarea \u00eemprejur\u0103rilor \u00een care a survenit decesul acesteia\u201d, au declarat reprezentan\u021bii IPJ Cluj pentru \u0218tiri de Cluj.<\/p>","protected":false},"excerpt":{"rendered":"<p>Apelul la serviciul de urgen\u021b\u0103 112 a pus \u00een alert\u0103 Poli\u021bia municipiului Cluj-Napoca, care a&hellip;<\/p>\n","protected":false},"author":0,"featured_media":25558,"comment_status":"open","ping_status":"open","sticky":false,"template":"","format":"standard","meta":{"footnotes":""},"categories":[2],"tags":[],"class_list":["post-25557","post","type-post","status-publish","format-standard","has-post-thumbnail","hentry","category-actual"],"_links":{"self":[{"href":"https:\/\/247stiri.ro\/index.php\/wp-json\/wp\/v2\/posts\/25557","targetHints":{"allow":["GET"]}}],"collection":[{"href":"https:\/\/247stiri.ro\/index.php\/wp-json\/wp\/v2\/posts"}],"about":[{"href":"https:\/\/247stiri.ro\/index.php\/wp-json\/wp\/v2\/types\/post"}],"replies":[{"embeddable":true,"href":"https:\/\/247stiri.ro\/index.php\/wp-json\/wp\/v2\/comments?post=25557"}],"version-history":[{"count":0,"href":"https:\/\/247stiri.ro\/index.php\/wp-json\/wp\/v2\/posts\/25557\/revisions"}],"wp:featuredmedia":[{"embeddable":true,"href":"https:\/\/247stiri.ro\/index.php\/wp-json\/wp\/v2\/media\/25558"}],"wp:attachment":[{"href":"https:\/\/247stiri.ro\/index.php\/wp-json\/wp\/v2\/media?parent=25557"}],"wp:term":[{"taxonomy":"category","embeddable":true,"href":"https:\/\/247stiri.ro\/index.php\/wp-json\/wp\/v2\/categories?post=25557"},{"taxonomy":"post_tag","embeddable":true,"href":"https:\/\/247stiri.ro\/index.php\/wp-json\/wp\/v2\/tags?post=25557"}],"curies":[{"name":"wp","href":"https:\/\/api.w.org\/{rel}","templated":true}]}}