{"id":25559,"date":"2025-01-19T20:44:48","date_gmt":"2025-01-19T20:44:48","guid":{"rendered":"https:\/\/247stiri.ro\/index.php\/2025\/01\/19\/calin-georgescu-raspunde-acuzatiilor-privind-trecutul-mamei-sale-insulta-este-declaratia-infrangerii\/"},"modified":"2025-01-19T20:44:48","modified_gmt":"2025-01-19T20:44:48","slug":"calin-georgescu-raspunde-acuzatiilor-privind-trecutul-mamei-sale-insulta-este-declaratia-infrangerii","status":"publish","type":"post","link":"https:\/\/247stiri.ro\/index.php\/2025\/01\/19\/calin-georgescu-raspunde-acuzatiilor-privind-trecutul-mamei-sale-insulta-este-declaratia-infrangerii\/","title":{"rendered":"C\u0103lin Georgescu r\u0103spunde acuza\u021biilor privind trecutul mamei sale: \u201eInsulta este declara\u021bia \u00eenfr\u00e2ngerii\u201d"},"content":{"rendered":"<p>\u201eInsulta este declara\u021bia \u00eenfr\u00e2ngerii.  Deci tu nu ai cum s\u0103 te aperi. Eu nu am de ce s\u0103 m\u0103 ap\u0103r \u00een fa\u021ba unor grosol\u0103nii. Mama a fost o femeie foarte elegant\u0103. Foarte elegant\u0103. Da, deci cum v-am spus, insulta este declara\u021bia \u00eenfr\u00e2ngerii. \u00centr-o fotografie (n.r.: difuzat\u0103 de Realitatea PLUS) este al\u0103turi de fratele ei, cel care m-a crescut de altfel. Cu nenea Traian, cum i-am spus eu.  Traian Popescu a fost \u0219eful garnizoanei Bucure\u0219ti. A fost un om extraordinar. Deci nu ai cum s\u0103 te aperi \u00een fa\u021ba grosolunilor. \u0218i n-ai nici de ce, crede\u021bi-m\u0103. Este faza extrem\u0103 a comunismului. Este lupta, vede\u021bi, pe care ei o duc \u00een continuare. Acest atac stalinist-stroschist, care a fost de pe vremea pe care o \u0219tim, \u00een momentul respectiv, cel pu\u021bin \u00een 45-60, v\u0103 aminti\u021bi foarte bine. \u0218i care el continua. Este partea extrem\u0103. Ei au ajuns \u00eentr-un punct \u00een care disperarea este at\u00e2t de mare, \u00eenc\u00e2t, sigur c\u0103 pot lua din ce am f\u0103cut, nu \u0219tiu, poate \u00een alte vie\u021bi de acum 2000 de ani.\u00a0 Vede\u021bi, dumneavoastr\u0103, \u0219i T\u00e2lharul de pe cruce \u00een ultimul moment a avut con\u0219tiin\u021b\u0103. Eu de aceea v-am spus, m\u0103 ghidesz \u00een aceast\u0103 misiune pentru trezirea neamului rom\u00e2nesc pe compasiune, pe cooperare \u0219i pe bun sim\u021b\u201d, a spus C\u0103lin Georgescu.<\/p>\n<p><a href=\"https:\/\/www.realitatea.net\/stiri\/actual\/calin-georgescu-ii-invita-pe-romani-sa-participe-la-marea-hora-a-unirii-neamului-pe-24-ianuarie_678d511ee8b21c296b1de262\" target=\"_blank\">C\u0103lin Georgescu \u00eei invit\u0103 pe rom\u00e2ni s\u0103 participe la Marea Hor\u0103 a Unirii Neamului pe 24 ianuarie<\/a><\/p>","protected":false},"excerpt":{"rendered":"<p>\u201eInsulta este declara\u021bia \u00eenfr\u00e2ngerii. Deci tu nu ai cum s\u0103 te aperi. Eu nu am&hellip;<\/p>\n","protected":false},"author":0,"featured_media":25560,"comment_status":"open","ping_status":"open","sticky":false,"template":"","format":"standard","meta":{"footnotes":""},"categories":[2],"tags":[],"class_list":["post-25559","post","type-post","status-publish","format-standard","has-post-thumbnail","hentry","category-actual"],"_links":{"self":[{"href":"https:\/\/247stiri.ro\/index.php\/wp-json\/wp\/v2\/posts\/25559","targetHints":{"allow":["GET"]}}],"collection":[{"href":"https:\/\/247stiri.ro\/index.php\/wp-json\/wp\/v2\/posts"}],"about":[{"href":"https:\/\/247stiri.ro\/index.php\/wp-json\/wp\/v2\/types\/post"}],"replies":[{"embeddable":true,"href":"https:\/\/247stiri.ro\/index.php\/wp-json\/wp\/v2\/comments?post=25559"}],"version-history":[{"count":0,"href":"https:\/\/247stiri.ro\/index.php\/wp-json\/wp\/v2\/posts\/25559\/revisions"}],"wp:featuredmedia":[{"embeddable":true,"href":"https:\/\/247stiri.ro\/index.php\/wp-json\/wp\/v2\/media\/25560"}],"wp:attachment":[{"href":"https:\/\/247stiri.ro\/index.php\/wp-json\/wp\/v2\/media?parent=25559"}],"wp:term":[{"taxonomy":"category","embeddable":true,"href":"https:\/\/247stiri.ro\/index.php\/wp-json\/wp\/v2\/categories?post=25559"},{"taxonomy":"post_tag","embeddable":true,"href":"https:\/\/247stiri.ro\/index.php\/wp-json\/wp\/v2\/tags?post=25559"}],"curies":[{"name":"wp","href":"https:\/\/api.w.org\/{rel}","templated":true}]}}