{"id":25639,"date":"2025-01-20T08:46:47","date_gmt":"2025-01-20T08:46:47","guid":{"rendered":"https:\/\/247stiri.ro\/index.php\/2025\/01\/20\/prins-de-radar-cu-163-km-h-in-oras-a-fugit-de-politie-pana-a-comis-un-accident-apoi-s-a-ascuns-in-cimitir-pedeapsa-primita-foto\/"},"modified":"2025-01-20T08:46:47","modified_gmt":"2025-01-20T08:46:47","slug":"prins-de-radar-cu-163-km-h-in-oras-a-fugit-de-politie-pana-a-comis-un-accident-apoi-s-a-ascuns-in-cimitir-pedeapsa-primita-foto","status":"publish","type":"post","link":"https:\/\/247stiri.ro\/index.php\/2025\/01\/20\/prins-de-radar-cu-163-km-h-in-oras-a-fugit-de-politie-pana-a-comis-un-accident-apoi-s-a-ascuns-in-cimitir-pedeapsa-primita-foto\/","title":{"rendered":"Prins de radar cu 163 km\/h \u00een ora\u0219, a fugit de poli\u021bie p\u00e2n\u0103 a comis un accident, apoi s-a ascuns \u00een cimitir. Pedeapsa primit\u0103 &#8211; FOTO"},"content":{"rendered":"<p>Poli\u021bi\u0219tii au plecat \u00een urm\u0103rire \u0219i au ajuns p\u00een\u0103 la Volov\u0103\u021b, unde, \u00eentr-o curb\u0103, fugarul a intrat cu ma\u0219ina \u00eentr-un cap de pod \u0219i \u00eentr-un gard. \u0218oferul nu s-a r\u0103nit \u0219i a luat-o la fug\u0103, fiind prins de poli\u021bi\u0219ti \u00een cimitirul din Volov\u0103\u021b, care l-au \u00eenc\u0103tu\u0219at, scrie <a href=\"https:\/\/www.radiotop.ro\/actualitate\/sofer-inregistrat-de-radar-cu-163-de-km-h-prins-dupa-o-urmarire-care-s-a-terminat-intr-un-cimitir-fugarul-a-ramas-fara-permis-pentru-330-de-zile.html\" target=\"_blank\">radiotop.ro<\/a>.<\/p>\n\n<p>T\u00e2n\u0103rul a declarat la sediul poli\u021biei municipiului R\u0103d\u0103u\u021bi c\u0103 nu a oprit pentru a evita s\u0103 fie amendat.<\/p>\n<p>Purt\u0103torul de cuv\u00eent al Poli\u021biei Jude\u021bului Suceava, comisarul-\u0219ef Ionu\u021b Epureanu, a declarat c\u0103 \u00a0\u201dpentru abaterile s\u0103v\u00eer\u0219ite la regimul rutier, acesta a fost sanc\u021bionat cu suma de 15.795 de lei \u0219i i-a fost suspendat dreptul de a conduce autoturisme pe drumurile publice pentru o perioad\u0103 de 330 de zile\u201d.<\/p>","protected":false},"excerpt":{"rendered":"<p>Poli\u021bi\u0219tii au plecat \u00een urm\u0103rire \u0219i au ajuns p\u00een\u0103 la Volov\u0103\u021b, unde, \u00eentr-o curb\u0103, fugarul&hellip;<\/p>\n","protected":false},"author":0,"featured_media":25640,"comment_status":"open","ping_status":"open","sticky":false,"template":"","format":"standard","meta":{"footnotes":""},"categories":[2],"tags":[],"class_list":["post-25639","post","type-post","status-publish","format-standard","has-post-thumbnail","hentry","category-actual"],"_links":{"self":[{"href":"https:\/\/247stiri.ro\/index.php\/wp-json\/wp\/v2\/posts\/25639","targetHints":{"allow":["GET"]}}],"collection":[{"href":"https:\/\/247stiri.ro\/index.php\/wp-json\/wp\/v2\/posts"}],"about":[{"href":"https:\/\/247stiri.ro\/index.php\/wp-json\/wp\/v2\/types\/post"}],"replies":[{"embeddable":true,"href":"https:\/\/247stiri.ro\/index.php\/wp-json\/wp\/v2\/comments?post=25639"}],"version-history":[{"count":0,"href":"https:\/\/247stiri.ro\/index.php\/wp-json\/wp\/v2\/posts\/25639\/revisions"}],"wp:featuredmedia":[{"embeddable":true,"href":"https:\/\/247stiri.ro\/index.php\/wp-json\/wp\/v2\/media\/25640"}],"wp:attachment":[{"href":"https:\/\/247stiri.ro\/index.php\/wp-json\/wp\/v2\/media?parent=25639"}],"wp:term":[{"taxonomy":"category","embeddable":true,"href":"https:\/\/247stiri.ro\/index.php\/wp-json\/wp\/v2\/categories?post=25639"},{"taxonomy":"post_tag","embeddable":true,"href":"https:\/\/247stiri.ro\/index.php\/wp-json\/wp\/v2\/tags?post=25639"}],"curies":[{"name":"wp","href":"https:\/\/api.w.org\/{rel}","templated":true}]}}