{"id":25643,"date":"2025-01-20T08:46:48","date_gmt":"2025-01-20T08:46:48","guid":{"rendered":"https:\/\/247stiri.ro\/index.php\/2025\/01\/20\/incep-pomenile-electorale-pentru-seniorii-fentati-cu-indexarea-saptamana-cruciala-pentru-pensionari\/"},"modified":"2025-01-20T08:46:48","modified_gmt":"2025-01-20T08:46:48","slug":"incep-pomenile-electorale-pentru-seniorii-fentati-cu-indexarea-saptamana-cruciala-pentru-pensionari","status":"publish","type":"post","link":"https:\/\/247stiri.ro\/index.php\/2025\/01\/20\/incep-pomenile-electorale-pentru-seniorii-fentati-cu-indexarea-saptamana-cruciala-pentru-pensionari\/","title":{"rendered":"\u00cencep POMENILE ELECTORALE pentru seniorii fenta\u021bi cu indexarea: s\u0103pt\u0103m\u00e2n\u0103 crucial\u0103 pentru pensionari"},"content":{"rendered":"<p>La Ministrul de Finan\u021be, dar \u0219i la Ministerul Muncii este \u00een desf\u0103\u0219urare o evaluare a situa\u021biei economice de la noi pentru a stabili anvelopa pentru acele ajutoare one-off. Vorbim despre sumele de bani pe care seniorii ar urma s\u0103 le primeasc\u0103 o singur\u0103 dat\u0103. Sunt ajutoare care ar trebui s\u0103 compenseze lipsa index\u0103rii de la 1 ianuarie, dup\u0103 ce veniturile au fost \u00eenghe\u021bate.\u00a0<\/p>\n<p>Executivul a anun\u021bat c\u0103 vor fi acordate aceste ajutoare pensionarilor cu venituri mici \u0219i medii, \u00eens\u0103 trebuie stabilit\u0103 suma pe care o vor primi \u0219i, de asemenea, trebuie stabilit acel prag al veniturilor.\u00a0<\/p>\n<p>Sunt voci care spun c\u0103 s-ar putea merge pe acea schem\u0103 din anul 2023, atunci c\u00e2nd s-au acordat aceste ajutoare seniorilor cu venituri de p\u00e2n\u0103 \u00een 3000 de lei.\u00a0Au fost rom\u00e2ni care au \u00eencasat atunci \u00een plus peste 1000 de lei.<\/p>\n<p>Aceste ajutoare ar putea fi acordate \u00een tran\u0219e, spun surse citate de Realitatea PLUS.\u00a0<\/p>\n<p>Datele arat\u0103 c\u0103 peste 2,9 milioane de oameni ar beneficia de ajutor dac\u0103 s-ar merge pe aceast\u0103 schem\u0103. La casele de pensii oamenii depun acum docuemntele pentru mica recalculare, o etap\u0103 ce ar trebui finalizat\u0103 \u00een luna martie \u0219i de care beneficiaz\u0103 aproximativ 1 milion de oameni.\u00a0<\/p>","protected":false},"excerpt":{"rendered":"<p>La Ministrul de Finan\u021be, dar \u0219i la Ministerul Muncii este \u00een desf\u0103\u0219urare o evaluare a&hellip;<\/p>\n","protected":false},"author":0,"featured_media":25644,"comment_status":"open","ping_status":"open","sticky":false,"template":"","format":"standard","meta":{"footnotes":""},"categories":[2],"tags":[],"class_list":["post-25643","post","type-post","status-publish","format-standard","has-post-thumbnail","hentry","category-actual"],"_links":{"self":[{"href":"https:\/\/247stiri.ro\/index.php\/wp-json\/wp\/v2\/posts\/25643","targetHints":{"allow":["GET"]}}],"collection":[{"href":"https:\/\/247stiri.ro\/index.php\/wp-json\/wp\/v2\/posts"}],"about":[{"href":"https:\/\/247stiri.ro\/index.php\/wp-json\/wp\/v2\/types\/post"}],"replies":[{"embeddable":true,"href":"https:\/\/247stiri.ro\/index.php\/wp-json\/wp\/v2\/comments?post=25643"}],"version-history":[{"count":0,"href":"https:\/\/247stiri.ro\/index.php\/wp-json\/wp\/v2\/posts\/25643\/revisions"}],"wp:featuredmedia":[{"embeddable":true,"href":"https:\/\/247stiri.ro\/index.php\/wp-json\/wp\/v2\/media\/25644"}],"wp:attachment":[{"href":"https:\/\/247stiri.ro\/index.php\/wp-json\/wp\/v2\/media?parent=25643"}],"wp:term":[{"taxonomy":"category","embeddable":true,"href":"https:\/\/247stiri.ro\/index.php\/wp-json\/wp\/v2\/categories?post=25643"},{"taxonomy":"post_tag","embeddable":true,"href":"https:\/\/247stiri.ro\/index.php\/wp-json\/wp\/v2\/tags?post=25643"}],"curies":[{"name":"wp","href":"https:\/\/api.w.org\/{rel}","templated":true}]}}