{"id":25658,"date":"2025-01-20T09:44:53","date_gmt":"2025-01-20T09:44:53","guid":{"rendered":"https:\/\/247stiri.ro\/index.php\/2025\/01\/20\/zi-de-doliu-in-lumea-muzicii-populare-marin-cornea-s-a-stins-din-viata-chiar-inainte-de-ziua-de-nastere\/"},"modified":"2025-01-20T09:44:53","modified_gmt":"2025-01-20T09:44:53","slug":"zi-de-doliu-in-lumea-muzicii-populare-marin-cornea-s-a-stins-din-viata-chiar-inainte-de-ziua-de-nastere","status":"publish","type":"post","link":"https:\/\/247stiri.ro\/index.php\/2025\/01\/20\/zi-de-doliu-in-lumea-muzicii-populare-marin-cornea-s-a-stins-din-viata-chiar-inainte-de-ziua-de-nastere\/","title":{"rendered":"Zi de DOLIU \u00een lumea muzicii populare: M\u0103rin Cornea s-a stins din via\u021b\u0103 chiar \u00eenainte de ziua de na\u0219tere"},"content":{"rendered":"<p>Ultimul drum \u00een satul natal<\/p>\n<p>M\u0103rin Cornea va fi condus pe ultimul drum luni, 20 ianuarie 2025, \u00een satul s\u0103u natal, B\u0103c\u0103le\u0219ti, din comuna C\u0103lm\u0103\u021buiu de Sus, jude\u021bul Teleorman. Familia \u0219i cei apropia\u021bi se preg\u0103tesc s\u0103-i aduc\u0103 un ultim omagiu celui care \u0219i-a dedicat via\u021ba \u00eentreag\u0103 c\u00e2ntecelor tradi\u021bionale rom\u00e2ne\u0219ti.<\/p>\n<p><a href=\"https:\/\/www.realitatea.net\/stiri\/sport\/doliu-in-lumea-fotbalului-un-sportiv-din-gorj-a-murit-dupa-ce-a-simtit-o-durere-puternica-in-piept_678e0e5c5c814261ab159232\" target=\"_blank\">Vestea dispari\u021biei<\/a> artistului a fost anun\u021bat\u0103 de fiica sa, Maria Cornea, printr-un mesaj sf\u00e2\u0219ietor postat pe re\u021belele de socializare. Aceasta i-a adus un omagiu tat\u0103lui s\u0103u, eviden\u021biind at\u00e2t contribu\u021bia sa artistic\u0103, c\u00e2t \u0219i impactul pe care l-a avut asupra familiei \u0219i publicului.<\/p>\n<p>\u201eAst\u0103zi, sufletul tat\u0103lui meu, M\u0103rin Cornea, maestru al muzicii populare, a urcat \u00een \u00eemp\u0103r\u0103\u021bia cerurilor, l\u0103s\u00e2nd \u00een urma lui o mo\u0219tenire nepre\u021buit\u0103 de art\u0103, iubire \u0219i amintiri de ne\u0219ters. Ai fost mai mult dec\u00e2t un p\u0103rinte \u2013 ai fost un artist des\u0103v\u00e2r\u0219it, un mentor \u0219i un sprijin neclintit.<\/p>\n<p>Muzica ta va continua s\u0103 vibreze \u00een inimile celor care au avut privilegiul s\u0103 o asculte, iar spiritul t\u0103u generos va r\u0103m\u00e2ne ve\u0219nic viu \u00een sufletele noastre. Drum lin, tat\u0103 drag! Acolo unde te-ai dus, s\u0103 c\u00e2n\u021bi \u0219i s\u0103 \u00eenc\u00e2n\u021bi sufletele celor de dincolo, a\u0219a cum ai f\u0103cut-o aici. Te vom purta mereu cu noi, \u00een fiecare melodie, \u00een fiecare z\u00e2mbet, \u00een fiecare clip\u0103.\u201d, a transmis fiica artistului.<\/p>\n\n<p>\u00a0 \u00a0 \u00a0 \u00a0 \u00a0 \u00a0 \u00a0 \u00a0 \u00a0 M\u0103rin Cornea a murit \/ Sursa foto &#8211; Arhiv\u0103<\/p>\n<p>O via\u021b\u0103 marcat\u0103 de controverse<\/p>\n<p>De\u0219i M\u0103rin Cornea a fost apreciat pentru talentul s\u0103u \u0219i contribu\u021bia la p\u0103strarea folclorului autentic, via\u021ba sa personal\u0103 nu a fost lipsit\u0103 de controverse. \u00cen trecut, copiii s\u0103i au f\u0103cut acuza\u021bii grave, sus\u021bin\u00e2nd c\u0103 au fost victime ale unor tratamente dure din partea tat\u0103lui lor.<\/p>\n<p>Ionela Cornea, una dintre fiicele sale, a povestit, \u00een urm\u0103 cu mul\u021bi ani, momente dificile din copil\u0103rie:<\/p>\n<p>\u201eM-am culcat \u0219i, c\u00e2nd m-am trezit, m-a b\u0103tut p\u00e2n\u0103 am le\u0219inat. Cu bastonul de la poli\u021bie, cu cureaua, cu lan\u021bul de la c\u00e2ine,\u201d declara aceasta \u00eentr-o emisiune difuzat\u0103 la Acas\u0103 TV.<\/p>\n<p>\u00cen ciuda acestor episoade controversate, M\u0103rin Cornea r\u0103m\u00e2ne <a href=\"https:\/\/www.realitatea.net\/stiri\/extern\/doliu-in-lumea-teatrului-o-actrita-celebra-a-murit_678a9fe80cab8020f13048d8\" target=\"_blank\">o figur\u0103 important\u0103 a muzicii populare rom\u00e2ne\u0219ti<\/a>. Piesele sale au fost ascultate de genera\u021bii \u00eentregi, iar talentul s\u0103u a contribuit la promovarea folclorului rom\u00e2nesc at\u00e2t \u00een \u021bar\u0103, c\u00e2t \u0219i peste hotare.<\/p>\n<p>\u00a0<\/p>","protected":false},"excerpt":{"rendered":"<p>Ultimul drum \u00een satul natal M\u0103rin Cornea va fi condus pe ultimul drum luni, 20&hellip;<\/p>\n","protected":false},"author":0,"featured_media":25659,"comment_status":"open","ping_status":"open","sticky":false,"template":"","format":"standard","meta":{"footnotes":""},"categories":[2],"tags":[],"class_list":["post-25658","post","type-post","status-publish","format-standard","has-post-thumbnail","hentry","category-actual"],"_links":{"self":[{"href":"https:\/\/247stiri.ro\/index.php\/wp-json\/wp\/v2\/posts\/25658","targetHints":{"allow":["GET"]}}],"collection":[{"href":"https:\/\/247stiri.ro\/index.php\/wp-json\/wp\/v2\/posts"}],"about":[{"href":"https:\/\/247stiri.ro\/index.php\/wp-json\/wp\/v2\/types\/post"}],"replies":[{"embeddable":true,"href":"https:\/\/247stiri.ro\/index.php\/wp-json\/wp\/v2\/comments?post=25658"}],"version-history":[{"count":0,"href":"https:\/\/247stiri.ro\/index.php\/wp-json\/wp\/v2\/posts\/25658\/revisions"}],"wp:featuredmedia":[{"embeddable":true,"href":"https:\/\/247stiri.ro\/index.php\/wp-json\/wp\/v2\/media\/25659"}],"wp:attachment":[{"href":"https:\/\/247stiri.ro\/index.php\/wp-json\/wp\/v2\/media?parent=25658"}],"wp:term":[{"taxonomy":"category","embeddable":true,"href":"https:\/\/247stiri.ro\/index.php\/wp-json\/wp\/v2\/categories?post=25658"},{"taxonomy":"post_tag","embeddable":true,"href":"https:\/\/247stiri.ro\/index.php\/wp-json\/wp\/v2\/tags?post=25658"}],"curies":[{"name":"wp","href":"https:\/\/api.w.org\/{rel}","templated":true}]}}