{"id":25660,"date":"2025-01-20T09:44:54","date_gmt":"2025-01-20T09:44:54","guid":{"rendered":"https:\/\/247stiri.ro\/index.php\/2025\/01\/20\/o-noua-tragedie-in-serbia-6-morti-si-sapte-raniti-intr-un-incendiu-devastator-la-un-azil-de-batrani-de-la-periferia-belgradului\/"},"modified":"2025-01-20T09:44:54","modified_gmt":"2025-01-20T09:44:54","slug":"o-noua-tragedie-in-serbia-6-morti-si-sapte-raniti-intr-un-incendiu-devastator-la-un-azil-de-batrani-de-la-periferia-belgradului","status":"publish","type":"post","link":"https:\/\/247stiri.ro\/index.php\/2025\/01\/20\/o-noua-tragedie-in-serbia-6-morti-si-sapte-raniti-intr-un-incendiu-devastator-la-un-azil-de-batrani-de-la-periferia-belgradului\/","title":{"rendered":"O nou\u0103 tragedie \u00een Serbia: 6 mor\u0163i \u015fi \u015fapte r\u0103ni\u0163i \u00eentr-un incendiu devastator la un azil de b\u0103tr\u00e2ni de la periferia Belgradului"},"content":{"rendered":"<p>\u015ease persoane au murit, iar alte \u015fapte au fost r\u0103nite \u00eentr-un incendiu, \u00een noaptea de duminic\u0103 spre luni, \u00eentr-un azil de b\u0103tr\u00e2ni de la Barajevo, un cartier de la periferia Belgradului, a anun\u0163at luni un reprezentant al Ministerului s\u00e2rb de Interne, potrivit Nova, care citeaz\u0103 postul public RTS.<\/p>\n<p>Alte treisprezece persoane au fost salvate, f\u0103r\u0103 a fi fost afectate, a declarat un oficial din Serviciul de Situa\u0163ii de Urgen\u0163\u0103 al Serbiei.<\/p>\n<p>Luni, autorit\u0103\u021bile efectuau c\u0103ut\u0103ri pentru a se asigura c\u0103 nu mai era activ niciun focar de incendiu.<\/p>\n<p>De la finele anului trecut, Serbia se confrunt\u0103 cu proteste masive ale studen\u021bilor \u0219i altor manifestan\u021bi antiguvernamentali care acuz\u0103 administra\u021bia pre\u0219edintelui Aleksandar Vucici c\u0103 \u00eencearc\u0103 s\u0103 mu\u0219amalizeze ancheta \u00een cazul tragediei de la o gar\u0103 din Novi Sad, unde 15 oameni au fost uci\u0219i de tavanul care s-a pr\u0103bu\u0219it, de\u0219i cl\u0103direa fusese recent recondi\u021bionat\u0103.<\/p>","protected":false},"excerpt":{"rendered":"<p>\u015ease persoane au murit, iar alte \u015fapte au fost r\u0103nite \u00eentr-un incendiu, \u00een noaptea de&hellip;<\/p>\n","protected":false},"author":0,"featured_media":25661,"comment_status":"open","ping_status":"open","sticky":false,"template":"","format":"standard","meta":{"footnotes":""},"categories":[2],"tags":[],"class_list":["post-25660","post","type-post","status-publish","format-standard","has-post-thumbnail","hentry","category-actual"],"_links":{"self":[{"href":"https:\/\/247stiri.ro\/index.php\/wp-json\/wp\/v2\/posts\/25660","targetHints":{"allow":["GET"]}}],"collection":[{"href":"https:\/\/247stiri.ro\/index.php\/wp-json\/wp\/v2\/posts"}],"about":[{"href":"https:\/\/247stiri.ro\/index.php\/wp-json\/wp\/v2\/types\/post"}],"replies":[{"embeddable":true,"href":"https:\/\/247stiri.ro\/index.php\/wp-json\/wp\/v2\/comments?post=25660"}],"version-history":[{"count":0,"href":"https:\/\/247stiri.ro\/index.php\/wp-json\/wp\/v2\/posts\/25660\/revisions"}],"wp:featuredmedia":[{"embeddable":true,"href":"https:\/\/247stiri.ro\/index.php\/wp-json\/wp\/v2\/media\/25661"}],"wp:attachment":[{"href":"https:\/\/247stiri.ro\/index.php\/wp-json\/wp\/v2\/media?parent=25660"}],"wp:term":[{"taxonomy":"category","embeddable":true,"href":"https:\/\/247stiri.ro\/index.php\/wp-json\/wp\/v2\/categories?post=25660"},{"taxonomy":"post_tag","embeddable":true,"href":"https:\/\/247stiri.ro\/index.php\/wp-json\/wp\/v2\/tags?post=25660"}],"curies":[{"name":"wp","href":"https:\/\/api.w.org\/{rel}","templated":true}]}}