{"id":25682,"date":"2025-01-20T10:44:58","date_gmt":"2025-01-20T10:44:58","guid":{"rendered":"https:\/\/247stiri.ro\/index.php\/2025\/01\/20\/doctorita-ranita-pe-o-strada-din-timisoara-femeia-s-a-trezit-cu-o-creanga-in-cap-avertismentul-pe-care-l-a-ignorat\/"},"modified":"2025-01-20T10:44:58","modified_gmt":"2025-01-20T10:44:58","slug":"doctorita-ranita-pe-o-strada-din-timisoara-femeia-s-a-trezit-cu-o-creanga-in-cap-avertismentul-pe-care-l-a-ignorat","status":"publish","type":"post","link":"https:\/\/247stiri.ro\/index.php\/2025\/01\/20\/doctorita-ranita-pe-o-strada-din-timisoara-femeia-s-a-trezit-cu-o-creanga-in-cap-avertismentul-pe-care-l-a-ignorat\/","title":{"rendered":"Doctori\u021b\u0103, R\u0102NIT\u0102 pe o strad\u0103 din Timi\u0219oara! Femeia s-a trezit cu o creanga \u00een cap: avertismentul pe  care l-a ignorat"},"content":{"rendered":"<p>Din informa\u021biile existente, victima este o doctori\u021b\u0103\u00a0care are cabinetul stomatologic \u00een zon\u0103. Femeia mergea spre serviciu, trec\u00e2nd\u00a0pe sub arborii cur\u0103\u021ba\u021bi,\u00a0c\u00e2nd creanga\u00a0i-a\u00a0c\u0103zut\u00a0drept\u00a0\u00een\u00a0cap. Ea ar fi ignorat banda avertizoare care \u00eemprejmuia perimetrul de lucru al muncitorilor.<\/p>\n<p>\u201d\u00cen jurul orei 10:30, poli\u0163i\u015ftii Sec\u0163iei 2 Urbane Timi\u015foara au fost sesiza\u0163i cu privire la faptul c\u0103 o persoan\u0103 a fost accidentat\u0103 de creanga unui copac. Ajun\u015fi la fa\u0163a locului, poli\u0163i\u015ftii au constatat c\u0103 pe Aleea Martir Andrei Istvan din Timi\u015foara se efectuau activit\u0103\u0163i de cur\u0103\u0163ire a copacilor, iar la un moment dat, o femeie \u00een v\u00e2rst\u0103 de 41 de ani a trecut prin zon\u0103 delimitat\u0103 de c\u0103tre lucr\u0103tori \u015fi ar fi fost accidentat\u0103 \u00een zona capului \u00een urma c\u0103derii unei crengi\u201d, a transmis IPJ Timi\u015f.\u00a0Femeia a fost dus\u0103 la spital pentru \u00eengrijiri medicale de specialitate.<\/p>\n<p>Poli\u0163i\u015ftii au deschis un dosar penal pentru v\u0103t\u0103mare corporal\u0103 din culp\u0103 \u015fi fac verific\u0103ri \u015fi cu privire la nerespectarea m\u0103surilor de securitate \u015fi s\u0103n\u0103tate \u00een munc\u0103.<\/p>","protected":false},"excerpt":{"rendered":"<p>Din informa\u021biile existente, victima este o doctori\u021b\u0103\u00a0care are cabinetul stomatologic \u00een zon\u0103. Femeia mergea spre&hellip;<\/p>\n","protected":false},"author":0,"featured_media":25683,"comment_status":"open","ping_status":"open","sticky":false,"template":"","format":"standard","meta":{"footnotes":""},"categories":[2],"tags":[],"class_list":["post-25682","post","type-post","status-publish","format-standard","has-post-thumbnail","hentry","category-actual"],"_links":{"self":[{"href":"https:\/\/247stiri.ro\/index.php\/wp-json\/wp\/v2\/posts\/25682","targetHints":{"allow":["GET"]}}],"collection":[{"href":"https:\/\/247stiri.ro\/index.php\/wp-json\/wp\/v2\/posts"}],"about":[{"href":"https:\/\/247stiri.ro\/index.php\/wp-json\/wp\/v2\/types\/post"}],"replies":[{"embeddable":true,"href":"https:\/\/247stiri.ro\/index.php\/wp-json\/wp\/v2\/comments?post=25682"}],"version-history":[{"count":0,"href":"https:\/\/247stiri.ro\/index.php\/wp-json\/wp\/v2\/posts\/25682\/revisions"}],"wp:featuredmedia":[{"embeddable":true,"href":"https:\/\/247stiri.ro\/index.php\/wp-json\/wp\/v2\/media\/25683"}],"wp:attachment":[{"href":"https:\/\/247stiri.ro\/index.php\/wp-json\/wp\/v2\/media?parent=25682"}],"wp:term":[{"taxonomy":"category","embeddable":true,"href":"https:\/\/247stiri.ro\/index.php\/wp-json\/wp\/v2\/categories?post=25682"},{"taxonomy":"post_tag","embeddable":true,"href":"https:\/\/247stiri.ro\/index.php\/wp-json\/wp\/v2\/tags?post=25682"}],"curies":[{"name":"wp","href":"https:\/\/api.w.org\/{rel}","templated":true}]}}