{"id":257,"date":"2024-10-20T11:10:31","date_gmt":"2024-10-20T11:10:31","guid":{"rendered":"https:\/\/247stiri.ro\/index.php\/2024\/10\/20\/nicolae-ciuca-mesaj-in-ziua-alegerilor-prezidentiale-din-moldova-sansa-unirii-romaniei-si-republicii-moldova-in-uniunea-europeana\/"},"modified":"2024-10-20T11:10:31","modified_gmt":"2024-10-20T11:10:31","slug":"nicolae-ciuca-mesaj-in-ziua-alegerilor-prezidentiale-din-moldova-sansa-unirii-romaniei-si-republicii-moldova-in-uniunea-europeana","status":"publish","type":"post","link":"https:\/\/247stiri.ro\/index.php\/2024\/10\/20\/nicolae-ciuca-mesaj-in-ziua-alegerilor-prezidentiale-din-moldova-sansa-unirii-romaniei-si-republicii-moldova-in-uniunea-europeana\/","title":{"rendered":"Nicolae Ciuc\u0103, mesaj \u00een ziua alegerilor preziden\u021biale din Moldova: \u201e\u0218ansa unirii Rom\u00e2niei \u0219i Republicii Moldova \u00een Uniunea European\u0103\u201d"},"content":{"rendered":"<p>Ce a anun\u021bat Nicolae Ciuc\u0103<\/p>\n<p>Rom\u00e2nii \u0219i moldovenii de pretutindeni sunt chema\u021bi s\u0103 \u00ee\u0219i exercite dreptul la vot \u0219i s\u0103 aleag\u0103 un viitor comun \u00een cadrul Uniunii Europene. <a href=\"https:\/\/www.realitatea.net\/stiri\/politica\/nicolae-ciuca-mai-sincer-ca-niciodata-eu-personal-nu-voi-mai-face-niciodata-coalitie-cu-psd_6713ee4f4e4e7874c651b432\" target=\"_blank\" rel=\"noopener\">Nicolae Ciuc\u0103<\/a> a lansat un mesaj profund<a href=\"https:\/\/www.realitatea.net\/stiri\/actual\/contraofensiva-lui-nicolae-ciuca-sudul-tarii-nu-trebuie-sa-ramana-rosu-adica-al-psd_6713944084d3d378975587c2\" target=\"_blank\" rel=\"noopener\"> \u00een mediul online:<\/a><\/p>\n<p>\u00a0\u201eReferendumul de ast\u0103zi este \u0219ansa unirii Rom\u00e2niei \u0219i Republicii Moldova \u00een Uniunea European\u0103!\u00cendemn to\u021bi cet\u0103\u021benii cu drept de vot din Republica Moldova, din Rom\u00e2nia \u0219i de oriunde s\u0103 voteze la referendum \u0219i s\u0103 aleag\u0103 calea cea bun\u0103 pentru viitorul \u021b\u0103rii. Face\u021bi din aceast\u0103 duminic\u0103 o zi a izb\u00e2nzii pentru aspira\u021biile voastre na\u021bionale \u0219i europene.Rom\u00e2nia v\u0103 a\u0219teapt\u0103 \u00een Uniunea European\u0103, pentru a construi \u00eempreun\u0103 un viitor al bun\u0103st\u0103rii \u0219i siguran\u021bei.#RepublicaMoldova#UniuneaEuropeana\u201d.<\/p>","protected":false},"excerpt":{"rendered":"<p>Ce a anun\u021bat Nicolae Ciuc\u0103 Rom\u00e2nii \u0219i moldovenii de pretutindeni sunt chema\u021bi s\u0103 \u00ee\u0219i exercite&hellip;<\/p>\n","protected":false},"author":0,"featured_media":258,"comment_status":"open","ping_status":"open","sticky":false,"template":"","format":"standard","meta":{"footnotes":""},"categories":[3],"tags":[],"class_list":["post-257","post","type-post","status-publish","format-standard","has-post-thumbnail","hentry","category-politica"],"_links":{"self":[{"href":"https:\/\/247stiri.ro\/index.php\/wp-json\/wp\/v2\/posts\/257","targetHints":{"allow":["GET"]}}],"collection":[{"href":"https:\/\/247stiri.ro\/index.php\/wp-json\/wp\/v2\/posts"}],"about":[{"href":"https:\/\/247stiri.ro\/index.php\/wp-json\/wp\/v2\/types\/post"}],"replies":[{"embeddable":true,"href":"https:\/\/247stiri.ro\/index.php\/wp-json\/wp\/v2\/comments?post=257"}],"version-history":[{"count":0,"href":"https:\/\/247stiri.ro\/index.php\/wp-json\/wp\/v2\/posts\/257\/revisions"}],"wp:featuredmedia":[{"embeddable":true,"href":"https:\/\/247stiri.ro\/index.php\/wp-json\/wp\/v2\/media\/258"}],"wp:attachment":[{"href":"https:\/\/247stiri.ro\/index.php\/wp-json\/wp\/v2\/media?parent=257"}],"wp:term":[{"taxonomy":"category","embeddable":true,"href":"https:\/\/247stiri.ro\/index.php\/wp-json\/wp\/v2\/categories?post=257"},{"taxonomy":"post_tag","embeddable":true,"href":"https:\/\/247stiri.ro\/index.php\/wp-json\/wp\/v2\/tags?post=257"}],"curies":[{"name":"wp","href":"https:\/\/api.w.org\/{rel}","templated":true}]}}