{"id":25713,"date":"2025-01-20T12:44:50","date_gmt":"2025-01-20T12:44:50","guid":{"rendered":"https:\/\/247stiri.ro\/index.php\/2025\/01\/20\/tanar-de-20-de-ani-dat-disparut-in-urma-cu-doua-zile-gasit-spanzurat-la-marginea-orasului-navodari\/"},"modified":"2025-01-20T12:44:50","modified_gmt":"2025-01-20T12:44:50","slug":"tanar-de-20-de-ani-dat-disparut-in-urma-cu-doua-zile-gasit-spanzurat-la-marginea-orasului-navodari","status":"publish","type":"post","link":"https:\/\/247stiri.ro\/index.php\/2025\/01\/20\/tanar-de-20-de-ani-dat-disparut-in-urma-cu-doua-zile-gasit-spanzurat-la-marginea-orasului-navodari\/","title":{"rendered":"T\u00e2n\u0103r de 20 de ani, dat disp\u0103rut \u00een urm\u0103 cu dou\u0103 zile, g\u0103sit SP\u00c2NZURAT la marginea ora\u0219ului N\u0103vodari"},"content":{"rendered":"<p>&#8222;\u00cen cursul zilei de ast\u0103zi, 20 ianuarie a.c., poli\u021bi\u0219ti din cadrul Poli\u021biei Ora\u0219ului N\u0103vodari au fost sesiza\u021bi cu privire la faptul c\u0103, \u00een zona canalului din apropierea ora\u0219ului N\u0103vodari, ar fi fost g\u0103sit\u0103 o persoan\u0103 sp\u00e2nzurat\u0103. Poli\u021bi\u0219tii deplasa\u021bi la fa\u021ba locului au constatat c\u0103 cele sesizate se confirm\u0103, fiind vorba despre un t\u00e2n\u0103r, de 20 de ani&#8221;, se arat\u0103 \u00eentr-un comunicat transmis, luni, de Inspectoratul de Poli\u021bie Jude\u021bean (IPJ) Constan\u021ba.<\/p>\n<p>\u00cen cauz\u0103, poli\u021bi\u0219tii au deschis un dosar penal penal pentru s\u0103v\u00e2r\u0219irea infrac\u021biunii de ucidere din culp\u0103.<\/p>\n<p>Luni diminea\u021b\u0103, IPJ Constan\u021ba anun\u021base c\u0103 pe 18 ianuarie Marian Acatrinei, de 20 de ani, a plecat \u00een mod voluntar de la locuin\u021ba sa din ora\u0219ul N\u0103vodari, f\u0103r\u0103 a reveni p\u00e2n\u0103 \u00een prezent, cet\u0103\u021benii fiind ruga\u021bi s\u0103 furnizeze, dac\u0103 pot, informa\u021bii cu privire la persoana dat\u0103 disp\u0103rut\u0103.\u00a0<\/p>","protected":false},"excerpt":{"rendered":"<p>&#8222;\u00cen cursul zilei de ast\u0103zi, 20 ianuarie a.c., poli\u021bi\u0219ti din cadrul Poli\u021biei Ora\u0219ului N\u0103vodari au&hellip;<\/p>\n","protected":false},"author":0,"featured_media":25714,"comment_status":"open","ping_status":"open","sticky":false,"template":"","format":"standard","meta":{"footnotes":""},"categories":[2],"tags":[],"class_list":["post-25713","post","type-post","status-publish","format-standard","has-post-thumbnail","hentry","category-actual"],"_links":{"self":[{"href":"https:\/\/247stiri.ro\/index.php\/wp-json\/wp\/v2\/posts\/25713","targetHints":{"allow":["GET"]}}],"collection":[{"href":"https:\/\/247stiri.ro\/index.php\/wp-json\/wp\/v2\/posts"}],"about":[{"href":"https:\/\/247stiri.ro\/index.php\/wp-json\/wp\/v2\/types\/post"}],"replies":[{"embeddable":true,"href":"https:\/\/247stiri.ro\/index.php\/wp-json\/wp\/v2\/comments?post=25713"}],"version-history":[{"count":0,"href":"https:\/\/247stiri.ro\/index.php\/wp-json\/wp\/v2\/posts\/25713\/revisions"}],"wp:featuredmedia":[{"embeddable":true,"href":"https:\/\/247stiri.ro\/index.php\/wp-json\/wp\/v2\/media\/25714"}],"wp:attachment":[{"href":"https:\/\/247stiri.ro\/index.php\/wp-json\/wp\/v2\/media?parent=25713"}],"wp:term":[{"taxonomy":"category","embeddable":true,"href":"https:\/\/247stiri.ro\/index.php\/wp-json\/wp\/v2\/categories?post=25713"},{"taxonomy":"post_tag","embeddable":true,"href":"https:\/\/247stiri.ro\/index.php\/wp-json\/wp\/v2\/tags?post=25713"}],"curies":[{"name":"wp","href":"https:\/\/api.w.org\/{rel}","templated":true}]}}