{"id":25717,"date":"2025-01-20T12:44:51","date_gmt":"2025-01-20T12:44:51","guid":{"rendered":"https:\/\/247stiri.ro\/index.php\/2025\/01\/20\/gelozia-dusa-la-extrem-minora-din-cluj-sechestrata-si-tarata-in-urma-unei-masini-de-fostul-iubit-fata-a-trecut-prin-clipe-de-cosmar\/"},"modified":"2025-01-20T12:44:51","modified_gmt":"2025-01-20T12:44:51","slug":"gelozia-dusa-la-extrem-minora-din-cluj-sechestrata-si-tarata-in-urma-unei-masini-de-fostul-iubit-fata-a-trecut-prin-clipe-de-cosmar","status":"publish","type":"post","link":"https:\/\/247stiri.ro\/index.php\/2025\/01\/20\/gelozia-dusa-la-extrem-minora-din-cluj-sechestrata-si-tarata-in-urma-unei-masini-de-fostul-iubit-fata-a-trecut-prin-clipe-de-cosmar\/","title":{"rendered":"Gelozia, dus\u0103 la extrem! Minor\u0103 din Cluj, sechestrat\u0103 \u0219i t\u00e2r\u00e2t\u0103 \u00een urma unei ma\u0219ini de fostul iubit: fata a trecut prin clipe de co\u0219mar"},"content":{"rendered":"<p>Convins c\u0103 fata \u00eel \u00een\u0219eal\u0103, b\u0103rbatul a dus-o pe t\u00e2n\u0103r\u0103 cu ma\u0219ina pe un c\u00e2mp, a b\u0103tut-o, apoi a legat-o \u00een zona abdominal\u0103 de o funie pe care a fixat-o \u00een interiorul portbagajului ma\u0219inii, relateaz\u0103 \u0218tiri de Cluj.<\/p>\n<p>Dup\u0103 ce s-a asigurat c\u0103 t\u00e2n\u0103ra nu are cum s\u0103 scape, s-a urcat la volan \u0219i a accelerat, tr\u0103g\u00e2nd-o pe adolescent\u0103 aproximativ 7 metri dup\u0103 ma\u0219in\u0103. \u00cen urma incidentului, fata a suferit leziuni ce au necesitat mai multe zile de \u00eengrijiri medicale.\u00a0<\/p>\n<p>\u00cent\u00e2mplarea \u0219ocant\u0103 a ie\u0219it la iveal\u0103 abia vineri, 17 ianuarie, c\u00e2nd agresorul a fost condamnat la 6 ani \u00eenchisoare cu executare pentru s\u0103v\u00e2r\u015firea infrac\u0163iunii de lipsire de libertate \u00een mod ilegal. La aplicarea pedepsei, magistra\u021bii de la Judec\u0103toria Dej au \u021binut cont de faptul c\u0103 b\u0103rbatul a mai fost condamnat la \u00eenchisoare pentru aceea\u0219i infrac\u021biune.\u00a0<\/p>\n<p>\u201eLa data de 20.07.2023, \u00een jurul orelor 13.00, \u00een timp ce se afla \u00een extravilanul localit\u0103\u021bii Recea-Cristur, jud. Cluj, \u00een locul denumit popular \u201cPesc\u0103rie\u201d, inculpatul a lipsit-o de libertate pe persoana v\u0103t\u0103mat\u0103, \u00een v\u00e2rst\u0103 de 17 ani, prin aceea c\u0103 a condus-o \u00eempotriva voin\u0163ei sale pe o distan\u0163\u0103 de aproximativ 45-50 de metri p\u00e2n\u0103 la autoturismul lui, \u0163in\u00e2nd-o de p\u0103r \u015fi de umeri, apoi a legat-o \u00een zona abdominal\u0103 de o funie pe care a fixat-o \u00een interiorul portbagajului autoturismului marca BMW, dup\u0103 care inculpatul a urcat la volanul acelui autoturism, tr\u0103g\u00e2nd-o pe persoana v\u0103t\u0103mat\u0103 pe o distan\u0163\u0103 de aproximativ 7 metri, cauz\u00e2ndu-i astfel suferin\u0163e fizice care necesit\u0103 pentru vindecare un num\u0103r de 4-5 zile de \u00eengrijiri medicale, \u00eengr\u0103dind astfel libertatea de mi\u015fcare a persoanei v\u0103t\u0103mat\u0103 minora pe un interval de aproximativ 30 de minute\u201d, au re\u021binut magistra\u021bii clujeni.\u00a0<\/p>","protected":false},"excerpt":{"rendered":"<p>Convins c\u0103 fata \u00eel \u00een\u0219eal\u0103, b\u0103rbatul a dus-o pe t\u00e2n\u0103r\u0103 cu ma\u0219ina pe un c\u00e2mp,&hellip;<\/p>\n","protected":false},"author":0,"featured_media":25718,"comment_status":"open","ping_status":"open","sticky":false,"template":"","format":"standard","meta":{"footnotes":""},"categories":[2],"tags":[],"class_list":["post-25717","post","type-post","status-publish","format-standard","has-post-thumbnail","hentry","category-actual"],"_links":{"self":[{"href":"https:\/\/247stiri.ro\/index.php\/wp-json\/wp\/v2\/posts\/25717","targetHints":{"allow":["GET"]}}],"collection":[{"href":"https:\/\/247stiri.ro\/index.php\/wp-json\/wp\/v2\/posts"}],"about":[{"href":"https:\/\/247stiri.ro\/index.php\/wp-json\/wp\/v2\/types\/post"}],"replies":[{"embeddable":true,"href":"https:\/\/247stiri.ro\/index.php\/wp-json\/wp\/v2\/comments?post=25717"}],"version-history":[{"count":0,"href":"https:\/\/247stiri.ro\/index.php\/wp-json\/wp\/v2\/posts\/25717\/revisions"}],"wp:featuredmedia":[{"embeddable":true,"href":"https:\/\/247stiri.ro\/index.php\/wp-json\/wp\/v2\/media\/25718"}],"wp:attachment":[{"href":"https:\/\/247stiri.ro\/index.php\/wp-json\/wp\/v2\/media?parent=25717"}],"wp:term":[{"taxonomy":"category","embeddable":true,"href":"https:\/\/247stiri.ro\/index.php\/wp-json\/wp\/v2\/categories?post=25717"},{"taxonomy":"post_tag","embeddable":true,"href":"https:\/\/247stiri.ro\/index.php\/wp-json\/wp\/v2\/tags?post=25717"}],"curies":[{"name":"wp","href":"https:\/\/api.w.org\/{rel}","templated":true}]}}