{"id":25721,"date":"2025-01-20T12:44:52","date_gmt":"2025-01-20T12:44:52","guid":{"rendered":"https:\/\/247stiri.ro\/index.php\/2025\/01\/20\/doliu-urias-in-directia-generala-anticoruptie-din-mai-un-ofiter-in-plina-afirmare-a-murit-la-doar-30-de-ani\/"},"modified":"2025-01-20T12:44:52","modified_gmt":"2025-01-20T12:44:52","slug":"doliu-urias-in-directia-generala-anticoruptie-din-mai-un-ofiter-in-plina-afirmare-a-murit-la-doar-30-de-ani","status":"publish","type":"post","link":"https:\/\/247stiri.ro\/index.php\/2025\/01\/20\/doliu-urias-in-directia-generala-anticoruptie-din-mai-un-ofiter-in-plina-afirmare-a-murit-la-doar-30-de-ani\/","title":{"rendered":"Doliu uria\u0219 \u00een Direc\u021bia General\u0103 Anticorup\u021bie din MAI. Un ofi\u021ber \u00een plin\u0103 afirmare a murit la doar 30 de ani"},"content":{"rendered":"<p>&#8222;Cu profund\u0103 durere \u00een suflete, anun\u021b\u0103m trecerea prematur\u0103 \u00een nefiin\u021b\u0103 a colegului nostru, C\u0103t\u0103lin Moroi, de la Serviciul Jude\u021bean Anticorup\u021bie Ia\u0219i, r\u0103pus mult prea devreme de o boal\u0103 nemiloas\u0103, la doar 30 de ani.\u00a0Absolvent al Academiei de Poli\u021bie \u201eAlexandru Ioan Cuza\u201d, promo\u021bia 2018, C\u0103t\u0103lin \u0219i-a \u00eenceput cariera la Inspectoratul de Poli\u021bie al Jude\u021bului Mure\u0219. Din iulie 2024, s-a al\u0103turat echipei Direc\u021biei Generale Anticorup\u021bie, dedic\u00e2ndu-se cu profesionalism \u0219i integritate misiunii de combatere a corup\u021biei.\u00a0Un suflet bl\u00e2nd, un coleg respectat \u0219i un prieten de n\u0103dejde, C\u0103t\u0103lin va r\u0103m\u00e2ne mereu \u00een inimile noastre, a transmis DGA.\u00a0\u00a0&#8222;Oare c\u00e2\u021bi dintre noi <a class=\"x1i10hfl xjbqb8w x1ejq31n xd10rxx x1sy0etr x17r0tee x972fbf xcfux6l x1qhh985 xm0m39n x9f619 x1ypdohk xt0psk2 xe8uvvx xdj266r x11i5rnm xat24cr x1mh8g0r xexx8yu x4uap5 x18d9i69 xkhd6sd x16tdsg8 x1hl2dhg xggy1nq x1a2a7pz x1sur9pj xkrqix3 x1fey0fg x1s688f\" href=\"https:\/\/www.facebook.com\/hashtag\/mai?__eep__=6&amp;__cft__%5B0%5D=AZW5Vjfn_gjuQaJUhtVHw1WkF0TNen4A3vel0jpEBwa3NXEgxqARbjoa7K9wsE-Z0sFEdYe612wj6bA0JvQORgjOvYrQhNFbsbCJcEuqmPrWQZ0ujwrhiCYLadNeY2rH_iB71g89cxOSeOulVPBqU1VvL0VhrbnanSWTLeSIveo5gy0FGvLcP1RJ4RhR6TKZYnI&amp;__tn__=*NK-R\">#MAI<\/a> trebuie s\u0103 moar\u0103 pentru ca politicienii s\u0103 ne acorde respectul cuvenit?&#8221;, noteaz\u0103 \u0219i grupul Poli\u021bi\u0219tii au umor.\u00a0\u00a0\u00a0\u00a0\u00a0<\/p>","protected":false},"excerpt":{"rendered":"<p>&#8222;Cu profund\u0103 durere \u00een suflete, anun\u021b\u0103m trecerea prematur\u0103 \u00een nefiin\u021b\u0103 a colegului nostru, C\u0103t\u0103lin Moroi,&hellip;<\/p>\n","protected":false},"author":0,"featured_media":25722,"comment_status":"open","ping_status":"open","sticky":false,"template":"","format":"standard","meta":{"footnotes":""},"categories":[2],"tags":[],"class_list":["post-25721","post","type-post","status-publish","format-standard","has-post-thumbnail","hentry","category-actual"],"_links":{"self":[{"href":"https:\/\/247stiri.ro\/index.php\/wp-json\/wp\/v2\/posts\/25721","targetHints":{"allow":["GET"]}}],"collection":[{"href":"https:\/\/247stiri.ro\/index.php\/wp-json\/wp\/v2\/posts"}],"about":[{"href":"https:\/\/247stiri.ro\/index.php\/wp-json\/wp\/v2\/types\/post"}],"replies":[{"embeddable":true,"href":"https:\/\/247stiri.ro\/index.php\/wp-json\/wp\/v2\/comments?post=25721"}],"version-history":[{"count":0,"href":"https:\/\/247stiri.ro\/index.php\/wp-json\/wp\/v2\/posts\/25721\/revisions"}],"wp:featuredmedia":[{"embeddable":true,"href":"https:\/\/247stiri.ro\/index.php\/wp-json\/wp\/v2\/media\/25722"}],"wp:attachment":[{"href":"https:\/\/247stiri.ro\/index.php\/wp-json\/wp\/v2\/media?parent=25721"}],"wp:term":[{"taxonomy":"category","embeddable":true,"href":"https:\/\/247stiri.ro\/index.php\/wp-json\/wp\/v2\/categories?post=25721"},{"taxonomy":"post_tag","embeddable":true,"href":"https:\/\/247stiri.ro\/index.php\/wp-json\/wp\/v2\/tags?post=25721"}],"curies":[{"name":"wp","href":"https:\/\/api.w.org\/{rel}","templated":true}]}}