{"id":25723,"date":"2025-01-20T12:44:53","date_gmt":"2025-01-20T12:44:53","guid":{"rendered":"https:\/\/247stiri.ro\/index.php\/2025\/01\/20\/manechin-ce-imita-un-cadavru-abandonat-pe-trotuar-din-buzau-doi-adolescenti-sanctionati-de-oamenii-legii\/"},"modified":"2025-01-20T12:44:53","modified_gmt":"2025-01-20T12:44:53","slug":"manechin-ce-imita-un-cadavru-abandonat-pe-trotuar-din-buzau-doi-adolescenti-sanctionati-de-oamenii-legii","status":"publish","type":"post","link":"https:\/\/247stiri.ro\/index.php\/2025\/01\/20\/manechin-ce-imita-un-cadavru-abandonat-pe-trotuar-din-buzau-doi-adolescenti-sanctionati-de-oamenii-legii\/","title":{"rendered":"Manechin ce imita un cadavru, abandonat pe trotuar din Buz\u0103u: doi adolescen\u021bi, sanc\u021biona\u021bi de oamenii legii"},"content":{"rendered":"<p>Alert\u0103 \u00een miez de noapte<\/p>\n<p>Potrivit Inspectoratului de Poli\u021bie Jude\u021bean (IPJ) Buz\u0103u, evenimentul a avut loc \u00een noaptea de 17 spre 18 ianuarie. Trec\u0103torii \u0219i reprezentan\u021bii Serviciului Jude\u021bean de Ambulan\u021b\u0103 au sesizat prezen\u021ba unui obiect suspect pe trotuar, descris ca fiind un manechin \u00eenf\u0103\u0219urat \u00eentr-o folie neagr\u0103 \u0219i stropit cu vopsea ro\u0219ie, pentru a imita s\u00e2ngele.<\/p>\n<p>Un echipaj de ordine public\u0103 a fost trimis imediat la fa\u021ba locului <a href=\"https:\/\/www.realitatea.net\/stiri\/actual\/descoperire-socanta-la-cluj-un-cadavru-a-fost-gasit-pe-malul-lacului-nu-se-stie-identitatea-persoanei-inca_678d5f61af47a329bc626992\" target=\"_blank\">pentru a verifica situa\u021bia.<\/a><\/p>\n<p>\u00cen urma cercet\u0103rilor, poli\u021bi\u0219tii au stabilit c\u0103 doi tineri, ambii \u00een v\u00e2rst\u0103 de 17 ani, sunt responsabili pentru acest gest. Ace\u0219tia ar fi abandonat manechinul inten\u021bionat, cu scopul de a realiza fotografii \u0219i videoclipuri pe care s\u0103 le posteze ulterior pe platformele de socializare.<\/p>\n<p>M\u0103suri luate de autorit\u0103\u021bi<\/p>\n<p>Conform informa\u021biilor furnizate de IPJ Buz\u0103u, adolescen\u021bii au fost sanc\u021biona\u021bi contraven\u021bional pentru comportamentul lor. De asemenea, at\u00e2t ace\u0219tia, c\u00e2t \u0219i p\u0103rin\u021bii lor au fost consilia\u021bi de poli\u021bie cu privire la consecin\u021bele unor astfel de ac\u021biuni, care pot crea panic\u0103 \u0219i pot mobiliza resurse inutile ale autorit\u0103\u021bilor.<\/p>\n<p><a href=\"https:\/\/www.realitatea.net\/stiri\/actual\/sacul-negru-care-ia-ingrozit-vineri-dimineata-pe-participantii-la-trafic-din-judetul-maramures-in-interior-se-afla-un-cadavru-ce-sa-intamplat-de-fapt_678a28e0bf8a0f17bd3b87d2\" target=\"_blank\">Incidentul a st\u00e2rnit<\/a> numeroase reac\u021bii \u00een r\u00e2ndul comunit\u0103\u021bii locale, fiind dezb\u0103tut pe re\u021belele sociale \u0219i \u00een pres\u0103. Mul\u021bi au condamnat gestul adolescen\u021bilor, consider\u00e2ndu-l iresponsabil \u0219i nepotrivit, \u00een timp ce al\u021bii au subliniat nevoia unei educa\u021bii mai stricte privind utilizarea re\u021belelor de socializare \u0219i responsabilitatea civic\u0103.<\/p>\n<p>Autorit\u0103\u021bile reamintesc cet\u0103\u021benilor c\u0103 astfel de ac\u021biuni nu doar c\u0103 perturb\u0103 ordinea public\u0103, dar pot avea \u0219i consecin\u021be legale pentru cei implica\u021bi.<\/p>\n<p>\u201ePoli\u021bi\u0219tii au descoperit la loca\u021bia indicat\u0103 manechinul \u015fi, din primele verific\u0103ri, a reie\u015fit c\u0103 doi tineri de 17 ani, din Buz\u0103u, ar fi recurs la acest gest pentru realizarea unei post\u0103ri \u00een social-media. Cei doi adolescen\u021bi au fost sanc\u021biona\u021bi contraven\u0163ional \u015fi at\u00e2t ei, c\u00e2t \u015fi p\u0103rin\u0163ii acestora, au fost consilia\u0163i cu privire la consecin\u021bele adopt\u0103rii unor astfel de comportamente&#8221;, informeaz\u0103 sursa citat\u0103.<\/p>","protected":false},"excerpt":{"rendered":"<p>Alert\u0103 \u00een miez de noapte Potrivit Inspectoratului de Poli\u021bie Jude\u021bean (IPJ) Buz\u0103u, evenimentul a avut&hellip;<\/p>\n","protected":false},"author":0,"featured_media":25724,"comment_status":"open","ping_status":"open","sticky":false,"template":"","format":"standard","meta":{"footnotes":""},"categories":[2],"tags":[],"class_list":["post-25723","post","type-post","status-publish","format-standard","has-post-thumbnail","hentry","category-actual"],"_links":{"self":[{"href":"https:\/\/247stiri.ro\/index.php\/wp-json\/wp\/v2\/posts\/25723","targetHints":{"allow":["GET"]}}],"collection":[{"href":"https:\/\/247stiri.ro\/index.php\/wp-json\/wp\/v2\/posts"}],"about":[{"href":"https:\/\/247stiri.ro\/index.php\/wp-json\/wp\/v2\/types\/post"}],"replies":[{"embeddable":true,"href":"https:\/\/247stiri.ro\/index.php\/wp-json\/wp\/v2\/comments?post=25723"}],"version-history":[{"count":0,"href":"https:\/\/247stiri.ro\/index.php\/wp-json\/wp\/v2\/posts\/25723\/revisions"}],"wp:featuredmedia":[{"embeddable":true,"href":"https:\/\/247stiri.ro\/index.php\/wp-json\/wp\/v2\/media\/25724"}],"wp:attachment":[{"href":"https:\/\/247stiri.ro\/index.php\/wp-json\/wp\/v2\/media?parent=25723"}],"wp:term":[{"taxonomy":"category","embeddable":true,"href":"https:\/\/247stiri.ro\/index.php\/wp-json\/wp\/v2\/categories?post=25723"},{"taxonomy":"post_tag","embeddable":true,"href":"https:\/\/247stiri.ro\/index.php\/wp-json\/wp\/v2\/tags?post=25723"}],"curies":[{"name":"wp","href":"https:\/\/api.w.org\/{rel}","templated":true}]}}