{"id":25727,"date":"2025-01-20T12:44:54","date_gmt":"2025-01-20T12:44:54","guid":{"rendered":"https:\/\/247stiri.ro\/index.php\/2025\/01\/20\/accident-microbuz-tulcea-majoritatea-persoanelor-ranite-sunt-elevi-de-liceu-medicii-saj-s-au-deplasat-la-scoala-pentru-a-i-consulta-pe-4-dintre-ei\/"},"modified":"2025-01-20T12:44:54","modified_gmt":"2025-01-20T12:44:54","slug":"accident-microbuz-tulcea-majoritatea-persoanelor-ranite-sunt-elevi-de-liceu-medicii-saj-s-au-deplasat-la-scoala-pentru-a-i-consulta-pe-4-dintre-ei","status":"publish","type":"post","link":"https:\/\/247stiri.ro\/index.php\/2025\/01\/20\/accident-microbuz-tulcea-majoritatea-persoanelor-ranite-sunt-elevi-de-liceu-medicii-saj-s-au-deplasat-la-scoala-pentru-a-i-consulta-pe-4-dintre-ei\/","title":{"rendered":"Accident microbuz Tulcea. Majoritatea persoanelor r\u0103nite sunt ELEVI de liceu: medicii SAJ s-au deplasat la \u0219coal\u0103 pentru a-i consulta pe 4 dintre ei"},"content":{"rendered":"<p>Directorul medical al Serviciului de Ambulan\u021b\u0103 Jude\u021bean (SAJ), Radu Sicinschi, a declarat pentru Agerpres c\u0103, \u00een urma accidentului, ambulan\u021ba trimis\u0103 la fa\u021ba locului a preluat patru persoane, cei mai mul\u021bi elevi de liceu, care au fost transportate la SJU.<\/p>\n<p>Ulterior, angaja\u021bii institu\u021biei au aflat c\u0103 al\u021bi pasageri din microbuzul implicat \u00een accident au plecat de la locul evenimentului pentru a ajunge la ore, a\u0219a \u00eenc\u00e2t medicii SAJ s-au deplasat la Liceul teoretic &#8222;Constantin Br\u0103tescu&#8221; din Isaccea iar \u00een urma consulta\u021biilor au decis ca al\u021bi patru elevi s\u0103 fie transporta\u021bi la Tulcea pentru investiga\u021bii suplimentare.<\/p>\n<p>&#8222;C\u00e2nd am aflat c\u0103 o parte din pacien\u021bi sunt la liceu, am trimis din nou ambulan\u021ba \u00een Isaccea s\u0103-i verifice pe elevi. Starea lor (a celor opt elevi, n.red.) este relativ bun\u0103, dar escoria\u021biile \u0219i traumatismele care par minore la prima vedere au nevoie de investiga\u021bii suplimentare. \u00cen urma unor izbituri, pot ap\u0103rea diverse probleme la nivelul coloanei cervicale. C\u00e2nd cineva pleac\u0103 de la locul accidentului, nu avem de unde s\u0103 \u0219tim dac\u0103 nu cumva are o fisur\u0103 de coloan\u0103 cervical\u0103, iar la zece minute de la fisura aceea se ajunge la fractur\u0103 \u0219i, din fractur\u0103, la sec\u021biune de coloan\u0103 sau m\u0103duva spin\u0103rii&#8221;, a artat Radu Sicinschi.<\/p>","protected":false},"excerpt":{"rendered":"<p>Directorul medical al Serviciului de Ambulan\u021b\u0103 Jude\u021bean (SAJ), Radu Sicinschi, a declarat pentru Agerpres c\u0103,&hellip;<\/p>\n","protected":false},"author":0,"featured_media":25728,"comment_status":"open","ping_status":"open","sticky":false,"template":"","format":"standard","meta":{"footnotes":""},"categories":[2],"tags":[],"class_list":["post-25727","post","type-post","status-publish","format-standard","has-post-thumbnail","hentry","category-actual"],"_links":{"self":[{"href":"https:\/\/247stiri.ro\/index.php\/wp-json\/wp\/v2\/posts\/25727","targetHints":{"allow":["GET"]}}],"collection":[{"href":"https:\/\/247stiri.ro\/index.php\/wp-json\/wp\/v2\/posts"}],"about":[{"href":"https:\/\/247stiri.ro\/index.php\/wp-json\/wp\/v2\/types\/post"}],"replies":[{"embeddable":true,"href":"https:\/\/247stiri.ro\/index.php\/wp-json\/wp\/v2\/comments?post=25727"}],"version-history":[{"count":0,"href":"https:\/\/247stiri.ro\/index.php\/wp-json\/wp\/v2\/posts\/25727\/revisions"}],"wp:featuredmedia":[{"embeddable":true,"href":"https:\/\/247stiri.ro\/index.php\/wp-json\/wp\/v2\/media\/25728"}],"wp:attachment":[{"href":"https:\/\/247stiri.ro\/index.php\/wp-json\/wp\/v2\/media?parent=25727"}],"wp:term":[{"taxonomy":"category","embeddable":true,"href":"https:\/\/247stiri.ro\/index.php\/wp-json\/wp\/v2\/categories?post=25727"},{"taxonomy":"post_tag","embeddable":true,"href":"https:\/\/247stiri.ro\/index.php\/wp-json\/wp\/v2\/tags?post=25727"}],"curies":[{"name":"wp","href":"https:\/\/api.w.org\/{rel}","templated":true}]}}