{"id":25737,"date":"2025-01-20T13:44:58","date_gmt":"2025-01-20T13:44:58","guid":{"rendered":"https:\/\/247stiri.ro\/index.php\/2025\/01\/20\/republica-moldova-a-cerut-ajutorul-ue-pentru-a-face-fata-crizei-energetice\/"},"modified":"2025-01-20T13:44:58","modified_gmt":"2025-01-20T13:44:58","slug":"republica-moldova-a-cerut-ajutorul-ue-pentru-a-face-fata-crizei-energetice","status":"publish","type":"post","link":"https:\/\/247stiri.ro\/index.php\/2025\/01\/20\/republica-moldova-a-cerut-ajutorul-ue-pentru-a-face-fata-crizei-energetice\/","title":{"rendered":"Republica Moldova a cerut ajutorul UE pentru a face fa\u021b\u0103 crizei energetice"},"content":{"rendered":"<p>Republica Moldova a decis activarea Mecanismului de Protec\u021bie Civil\u0103 al Uniunii Europene, solicit\u00e2nd asisten\u021b\u0103 pentru instalarea urgent\u0103 a unei centrale electrice cu capacitatea de 125 MW \u0219i a 10 centrale cu capacitatea de 10 MW, potrivit Radio Rom\u00e2nia Actualit\u0103\u021bi.<\/p>\n<p>Noile centrale vor fi instalate la \u00eentreprinderile termoenergetice de stat \u00een municipiile Chi\u0219in\u0103u \u0219i B\u0103l\u021bi, care dispun de infrastructura necesar\u0103 at\u00e2t pe partea de gaze naturale, c\u00e2t \u0219i conexiuni la re\u021beaua de energie electric\u0103.<\/p>\n<p>Potrivit secretarului de stat al Ministerului Energiei, Constantin Borosan, dup\u0103 ce aceste centrale vor fi instalate, capacitatea de generare a energiei electrice va cre\u0219te cu 225 MW.<\/p>\n<p>Totodat\u0103, acestea vor contribui la acoperirea consumului final de energie dup\u0103 \u00eencheierea sezonului de \u00eenc\u0103lzire, c\u00e2nd centralele electrice cu termoficare nu vor mai produce energie termic\u0103 \u0219i, respectiv, vor reduce volumul de energie electric\u0103 produs\u0103.<\/p>\n<p>\u00cen prezent, \u00een lips\u0103 de gaze, centrala de la Cuciurgan situat\u0103 \u00een regiunea separatist\u0103 transnistrean\u0103 nu mai produce curent electric pentru malul drept al Nistrului.<\/p>\n<p>Pentru a se elibera de aceast\u0103 dependen\u021b\u0103, p\u00e2n\u0103 la sf\u00e2r\u0219itul acestui an, \u00een Republica Moldova va fi construit\u0103 o linie electric\u0103 de \u00eenalt\u0103 tensiune, iar energia electric\u0103 din Rom\u00e2nia nu va mai trece prin regiunea transnistrean\u0103.<\/p>","protected":false},"excerpt":{"rendered":"<p>Republica Moldova a decis activarea Mecanismului de Protec\u021bie Civil\u0103 al Uniunii Europene, solicit\u00e2nd asisten\u021b\u0103 pentru&hellip;<\/p>\n","protected":false},"author":0,"featured_media":25734,"comment_status":"open","ping_status":"open","sticky":false,"template":"","format":"standard","meta":{"footnotes":""},"categories":[2],"tags":[],"class_list":["post-25737","post","type-post","status-publish","format-standard","has-post-thumbnail","hentry","category-actual"],"_links":{"self":[{"href":"https:\/\/247stiri.ro\/index.php\/wp-json\/wp\/v2\/posts\/25737","targetHints":{"allow":["GET"]}}],"collection":[{"href":"https:\/\/247stiri.ro\/index.php\/wp-json\/wp\/v2\/posts"}],"about":[{"href":"https:\/\/247stiri.ro\/index.php\/wp-json\/wp\/v2\/types\/post"}],"replies":[{"embeddable":true,"href":"https:\/\/247stiri.ro\/index.php\/wp-json\/wp\/v2\/comments?post=25737"}],"version-history":[{"count":0,"href":"https:\/\/247stiri.ro\/index.php\/wp-json\/wp\/v2\/posts\/25737\/revisions"}],"wp:featuredmedia":[{"embeddable":true,"href":"https:\/\/247stiri.ro\/index.php\/wp-json\/wp\/v2\/media\/25734"}],"wp:attachment":[{"href":"https:\/\/247stiri.ro\/index.php\/wp-json\/wp\/v2\/media?parent=25737"}],"wp:term":[{"taxonomy":"category","embeddable":true,"href":"https:\/\/247stiri.ro\/index.php\/wp-json\/wp\/v2\/categories?post=25737"},{"taxonomy":"post_tag","embeddable":true,"href":"https:\/\/247stiri.ro\/index.php\/wp-json\/wp\/v2\/tags?post=25737"}],"curies":[{"name":"wp","href":"https:\/\/api.w.org\/{rel}","templated":true}]}}