{"id":25744,"date":"2025-01-20T14:45:01","date_gmt":"2025-01-20T14:45:01","guid":{"rendered":"https:\/\/247stiri.ro\/index.php\/2025\/01\/20\/imagini-penibile-cu-victor-ponta-in-ziua-investirii-lui-donald-trump-anca-alexandrescu-ii-face-praf-sta-la-masa-cu-un-personaj-dat-afara-de-viorica-dancila-video-exclusiv\/"},"modified":"2025-01-20T14:45:01","modified_gmt":"2025-01-20T14:45:01","slug":"imagini-penibile-cu-victor-ponta-in-ziua-investirii-lui-donald-trump-anca-alexandrescu-ii-face-praf-sta-la-masa-cu-un-personaj-dat-afara-de-viorica-dancila-video-exclusiv","status":"publish","type":"post","link":"https:\/\/247stiri.ro\/index.php\/2025\/01\/20\/imagini-penibile-cu-victor-ponta-in-ziua-investirii-lui-donald-trump-anca-alexandrescu-ii-face-praf-sta-la-masa-cu-un-personaj-dat-afara-de-viorica-dancila-video-exclusiv\/","title":{"rendered":"Imagini PENIBILE cu Victor Ponta, \u00een ziua \u00eenvestirii lui Donald Trump. Anca Alexandrescu \u00eei face praf:  St\u0103 la mas\u0103 cu un personaj dat afar\u0103 de Viorica D\u0103ncil\u0103  &#8211; VIDEO EXCLUSIV"},"content":{"rendered":"<p>Imaginile au fost difuzate \u00een EXCLUSIVITATE de Realitatea Plus.\u00a0<\/p>\n\n<p>\u00centr-o interven\u021bie \u00een exclusivitate la Realitatea Plus, Anca Alexandrescu a devoalat o serie de detalii care pun \u00eentr-o cu totul alt\u0103 lumin\u0103 vizita f\u0103cut\u0103 de Ponta la Washington.<\/p>\n<p>&#8222;Sunt 3 baluri \u00een paralel, nu poate fi la toate, problema este c\u0103 toate aceste legitima\u021bii se pl\u0103tesc cu bani grei, iar el, fiind parlamentar, trebuie s\u0103 justifice de la cine a primit banii, pentru c\u0103 sunt sume uria\u0219e. Deci Victor Ponta trebuie s\u0103 dea explica\u021bii, dac\u0103 i-a pl\u0103tit altcineva acele legitima\u021bii sau chiar dac\u0103 \u0219i le-a pl\u0103tit el, de unde a avut banii, pentru c\u0103 este parlamentar al statului rom\u00e2n \u0219i trebuie s\u0103-\u0219i justifice cheltuielile&#8221;, a declarat Anca Alexandrescu.<\/p>\n<p>Realizatoarea emisiunii Culisele Statului Paralel a dezv\u0103luit \u0219i cine este personajul extrem de controversat care i-ar fi &#8222;sponsorizat&#8221; lui Ponta intrarea la evenimentele prilejuite de \u00eenvestirea lui Donald Trump.<\/p>\n<p>\u00a0<\/p>\n\n<p>\u00a0<\/p>\n\n<p><a title=\"Victor Ponta s-a dus in Statele Unite sa faca pe postasul. Cum se catara fostul premier pe valul suveranist pentru Cotroceni\" href=\"https:\/\/www.realitatea.net\/stiri\/actual\/victor-ponta-sa-dus-in-statele-unite-sa-faca-pe-postasul-cum-se-catara-fostul-premier-pe-valul-suveranist-pentru-cotroceni_678ca5510f697b20903c1518\">Victor Ponta s-a dus \u00een Statele Unite s\u0103 fac\u0103 pe po\u0219ta\u0219ul. Cum se ca\u021b\u0103r\u0103 fostul premier pe valul suveranist pentru Cotroceni<\/a><\/p>\n<p>\u00a0<\/p>\n<p>\u00a0<\/p>\n<p>\u00a0<\/p>","protected":false},"excerpt":{"rendered":"<p>Imaginile au fost difuzate \u00een EXCLUSIVITATE de Realitatea Plus.\u00a0 \u00centr-o interven\u021bie \u00een exclusivitate la Realitatea&hellip;<\/p>\n","protected":false},"author":0,"featured_media":25745,"comment_status":"open","ping_status":"open","sticky":false,"template":"","format":"standard","meta":{"footnotes":""},"categories":[3],"tags":[],"class_list":["post-25744","post","type-post","status-publish","format-standard","has-post-thumbnail","hentry","category-politica"],"_links":{"self":[{"href":"https:\/\/247stiri.ro\/index.php\/wp-json\/wp\/v2\/posts\/25744","targetHints":{"allow":["GET"]}}],"collection":[{"href":"https:\/\/247stiri.ro\/index.php\/wp-json\/wp\/v2\/posts"}],"about":[{"href":"https:\/\/247stiri.ro\/index.php\/wp-json\/wp\/v2\/types\/post"}],"replies":[{"embeddable":true,"href":"https:\/\/247stiri.ro\/index.php\/wp-json\/wp\/v2\/comments?post=25744"}],"version-history":[{"count":0,"href":"https:\/\/247stiri.ro\/index.php\/wp-json\/wp\/v2\/posts\/25744\/revisions"}],"wp:featuredmedia":[{"embeddable":true,"href":"https:\/\/247stiri.ro\/index.php\/wp-json\/wp\/v2\/media\/25745"}],"wp:attachment":[{"href":"https:\/\/247stiri.ro\/index.php\/wp-json\/wp\/v2\/media?parent=25744"}],"wp:term":[{"taxonomy":"category","embeddable":true,"href":"https:\/\/247stiri.ro\/index.php\/wp-json\/wp\/v2\/categories?post=25744"},{"taxonomy":"post_tag","embeddable":true,"href":"https:\/\/247stiri.ro\/index.php\/wp-json\/wp\/v2\/tags?post=25744"}],"curies":[{"name":"wp","href":"https:\/\/api.w.org\/{rel}","templated":true}]}}