{"id":25748,"date":"2025-01-20T14:45:02","date_gmt":"2025-01-20T14:45:02","guid":{"rendered":"https:\/\/247stiri.ro\/index.php\/2025\/01\/20\/donald-trump-si-jd-vance-la-slujba-religioasa-inainte-de-ceremonia-de-investire-de-la-ora-18-intreaga-ceremonie-va-fi-live-pe-realitatea\/"},"modified":"2025-01-20T14:45:02","modified_gmt":"2025-01-20T14:45:02","slug":"donald-trump-si-jd-vance-la-slujba-religioasa-inainte-de-ceremonia-de-investire-de-la-ora-18-intreaga-ceremonie-va-fi-live-pe-realitatea","status":"publish","type":"post","link":"https:\/\/247stiri.ro\/index.php\/2025\/01\/20\/donald-trump-si-jd-vance-la-slujba-religioasa-inainte-de-ceremonia-de-investire-de-la-ora-18-intreaga-ceremonie-va-fi-live-pe-realitatea\/","title":{"rendered":"Donald Trump \u0219i JD Vance, la slujb\u0103 religioas\u0103, \u00eenainte de ceremonia de \u00eenvestire. De la ora 18 \u00eentreaga ceremonie va fi LIVE pe REALITATEA"},"content":{"rendered":"<p>Pre\u0219edintele ales Donald Trump \u015fi viitoarea prim\u0103-doamn\u0103 Melania Trump particip\u0103 luni la o slujb\u0103 la biserica episcopal\u0103 St. John de l\u00e2ng\u0103 Casa Alb\u0103, al\u0103turi de vicepre\u015fedintele ales JD Vance \u015fi so\u0163ia sa Usha Vance, relateaz\u0103 CNN.<\/p>\n<p>Melania Trump poart\u0103 un palton de culoare \u00eenchis\u0103 \u015fi are o p\u0103l\u0103rie asortat\u0103 cu boruri largi, av\u00e2nd pantofi negri cu toc cui, \u00een timp ce Usha Vance a venit \u00eembr\u0103cat\u0103 \u00eentr-un palton de culoare roz, nu poart\u0103 nimic pe cap \u015fi este \u00eenc\u0103l\u0163at\u0103 \u00eentr-o pereche de cizme de piele \u00eentoars\u0103 de culoare deschis\u0103.<\/p>\n<p>De asemenea, doi dintre copiii lui Trump, Ivanka Trump \u015fi Eric Trump, au fost fotografia\u0163i sosind la biseric\u0103 \u00eempreun\u0103 cu familiile lor.<\/p>\n<p>Tradi\u0163ia modern\u0103 de a participa la un serviciu religios \u00een ziua \u00eenvestirii a inaugurat-o Franklin D. Roosevelt \u00een 1933.Biserica epicopal\u0103 St. John este l\u00e2ng\u0103 Casa Alb\u0103, dar pre\u015fedintele Joe Biden a participat la o slujb\u0103 la Catedrala St. Matthew&#8221;s \u00een diminea\u0163a \u00eenvestirii din 2021.\u00a0\u00a0<\/p>","protected":false},"excerpt":{"rendered":"<p>Pre\u0219edintele ales Donald Trump \u015fi viitoarea prim\u0103-doamn\u0103 Melania Trump particip\u0103 luni la o slujb\u0103 la&hellip;<\/p>\n","protected":false},"author":0,"featured_media":25741,"comment_status":"open","ping_status":"open","sticky":false,"template":"","format":"standard","meta":{"footnotes":""},"categories":[2],"tags":[],"class_list":["post-25748","post","type-post","status-publish","format-standard","has-post-thumbnail","hentry","category-actual"],"_links":{"self":[{"href":"https:\/\/247stiri.ro\/index.php\/wp-json\/wp\/v2\/posts\/25748","targetHints":{"allow":["GET"]}}],"collection":[{"href":"https:\/\/247stiri.ro\/index.php\/wp-json\/wp\/v2\/posts"}],"about":[{"href":"https:\/\/247stiri.ro\/index.php\/wp-json\/wp\/v2\/types\/post"}],"replies":[{"embeddable":true,"href":"https:\/\/247stiri.ro\/index.php\/wp-json\/wp\/v2\/comments?post=25748"}],"version-history":[{"count":0,"href":"https:\/\/247stiri.ro\/index.php\/wp-json\/wp\/v2\/posts\/25748\/revisions"}],"wp:featuredmedia":[{"embeddable":true,"href":"https:\/\/247stiri.ro\/index.php\/wp-json\/wp\/v2\/media\/25741"}],"wp:attachment":[{"href":"https:\/\/247stiri.ro\/index.php\/wp-json\/wp\/v2\/media?parent=25748"}],"wp:term":[{"taxonomy":"category","embeddable":true,"href":"https:\/\/247stiri.ro\/index.php\/wp-json\/wp\/v2\/categories?post=25748"},{"taxonomy":"post_tag","embeddable":true,"href":"https:\/\/247stiri.ro\/index.php\/wp-json\/wp\/v2\/tags?post=25748"}],"curies":[{"name":"wp","href":"https:\/\/api.w.org\/{rel}","templated":true}]}}