{"id":25749,"date":"2025-01-20T14:45:03","date_gmt":"2025-01-20T14:45:03","guid":{"rendered":"https:\/\/247stiri.ro\/index.php\/2025\/01\/20\/un-influencer-a-fost-batut-pe-strada-in-sectorul-5-de-la-ce-a-pornit-totul-video\/"},"modified":"2025-01-20T14:45:03","modified_gmt":"2025-01-20T14:45:03","slug":"un-influencer-a-fost-batut-pe-strada-in-sectorul-5-de-la-ce-a-pornit-totul-video","status":"publish","type":"post","link":"https:\/\/247stiri.ro\/index.php\/2025\/01\/20\/un-influencer-a-fost-batut-pe-strada-in-sectorul-5-de-la-ce-a-pornit-totul-video\/","title":{"rendered":"Un influencer a fost b\u0103tut pe strad\u0103, \u00een Sectorul 5. De la ce a pornit totul? VIDEO"},"content":{"rendered":"<p>\u201eLa data de 8 ianuarie 2025, \u00een jurul orei 03.30, poli\u021bi\u0219tii Direc\u021biei Generale de Poli\u021bie a Municipiului Bucure\u0219ti &#8211; Sec\u021bia 1 Poli\u021bie au fost sesiza\u021bi, prin sistem 112, cu privire la faptul c\u0103, la camera de primiri urgen\u021be, din cadrul unui spital, s-a prezentat o persoan\u0103, victima unei agresiuni fizice. \u00cen urma deplas\u0103rii la unitatea medical\u0103, poli\u021bi\u0219tii au luat leg\u0103tura cu un cadru medical, care a relatat faptul c\u0103, \u00een jurul orei 00.15, la Compartimentul Primiri Urgen\u0163e, s-a prezentat un b\u0103rbat, \u00een v\u00e2rst\u0103 de 35 de ani, care a relatat faptul ar fi fost agresat fizic, pe o strad\u0103 din Sectorul 5\u201d, potrivit Poli\u021biei Capitalei.<\/p>\n<p>\u00centruc\u00e2t b\u0103rbatul nu se mai afla \u00een incinta spitalului, a fost contactat telefonic, acesta comunic\u00e2nd faptul c\u0103, la data de 7 ianuarie 2025, \u00een timp ce se afla \u00eentr-o zon\u0103 din sectorul men\u021bionat, a inten\u0163ionat, \u00eentruc\u00e2t este influencer, s\u0103 intervieveze un b\u0103rbat, context \u00een care acesta ar fi refuzat.<\/p>\n<p>\u201e\u00centruc\u00e2t ar fi insistat \u00een realizarea interviului, b\u0103rbatul ar fi devenit agresiv, moment \u00een care l-ar fi lovit. \u00cen cauz\u0103, sunt efectuate verific\u0103ri, \u00een vederea identific\u0103rii \u0219i depist\u0103rii persoanei b\u0103nuit\u0103 de comiterea faptei. Cercet\u0103rile sunt continuate de c\u0103tre poli\u021bi\u0219ti din cadrul Sec\u021bia 1 Poli\u021bie, sub aspectul s\u0103v\u00e2r\u015firii infrac\u021biunii de lovire sau alte violen\u021be\u201d, se arat\u0103 \u00een finalul comunicatului.<\/p>\n<p>\u00a0<\/p>\n<p><a title=\"@armanpace\" href=\"https:\/\/www.tiktok.com\/@armanpace?refer=embed\" target=\"_blank\">@armanpace<\/a><\/p>\n<p>Clip full cu agresorul. Dati-mi mesaj in privat daca il cunoasteti.<\/p>\n<p><a title=\"\u266c original sound - Arman Abbasi\" href=\"https:\/\/www.tiktok.com\/music\/original-sound-7457781168977513238?refer=embed\" target=\"_blank\">\u266c original sound &#8211; Arman Abbasi<\/a><\/p>","protected":false},"excerpt":{"rendered":"<p>\u201eLa data de 8 ianuarie 2025, \u00een jurul orei 03.30, poli\u021bi\u0219tii Direc\u021biei Generale de Poli\u021bie&hellip;<\/p>\n","protected":false},"author":0,"featured_media":25739,"comment_status":"open","ping_status":"open","sticky":false,"template":"","format":"standard","meta":{"footnotes":""},"categories":[2],"tags":[],"class_list":["post-25749","post","type-post","status-publish","format-standard","has-post-thumbnail","hentry","category-actual"],"_links":{"self":[{"href":"https:\/\/247stiri.ro\/index.php\/wp-json\/wp\/v2\/posts\/25749","targetHints":{"allow":["GET"]}}],"collection":[{"href":"https:\/\/247stiri.ro\/index.php\/wp-json\/wp\/v2\/posts"}],"about":[{"href":"https:\/\/247stiri.ro\/index.php\/wp-json\/wp\/v2\/types\/post"}],"replies":[{"embeddable":true,"href":"https:\/\/247stiri.ro\/index.php\/wp-json\/wp\/v2\/comments?post=25749"}],"version-history":[{"count":0,"href":"https:\/\/247stiri.ro\/index.php\/wp-json\/wp\/v2\/posts\/25749\/revisions"}],"wp:featuredmedia":[{"embeddable":true,"href":"https:\/\/247stiri.ro\/index.php\/wp-json\/wp\/v2\/media\/25739"}],"wp:attachment":[{"href":"https:\/\/247stiri.ro\/index.php\/wp-json\/wp\/v2\/media?parent=25749"}],"wp:term":[{"taxonomy":"category","embeddable":true,"href":"https:\/\/247stiri.ro\/index.php\/wp-json\/wp\/v2\/categories?post=25749"},{"taxonomy":"post_tag","embeddable":true,"href":"https:\/\/247stiri.ro\/index.php\/wp-json\/wp\/v2\/tags?post=25749"}],"curies":[{"name":"wp","href":"https:\/\/api.w.org\/{rel}","templated":true}]}}