{"id":25766,"date":"2025-01-20T15:46:07","date_gmt":"2025-01-20T15:46:07","guid":{"rendered":"https:\/\/247stiri.ro\/index.php\/2025\/01\/20\/romanii-se-mobilizeaza-masiv-pe-retelele-sociale-dupa-mesajul-lui-calin-georgescu-proteste-si-marea-hora-a-unirii-neamului-pe-24-ianuarie\/"},"modified":"2025-01-20T15:46:07","modified_gmt":"2025-01-20T15:46:07","slug":"romanii-se-mobilizeaza-masiv-pe-retelele-sociale-dupa-mesajul-lui-calin-georgescu-proteste-si-marea-hora-a-unirii-neamului-pe-24-ianuarie","status":"publish","type":"post","link":"https:\/\/247stiri.ro\/index.php\/2025\/01\/20\/romanii-se-mobilizeaza-masiv-pe-retelele-sociale-dupa-mesajul-lui-calin-georgescu-proteste-si-marea-hora-a-unirii-neamului-pe-24-ianuarie\/","title":{"rendered":"Rom\u00e2nii se mobilizeaz\u0103 masiv pe re\u021belele sociale dup\u0103 mesajul lui C\u0103lin Georgescu: Proteste \u0219i Marea Hor\u0103 a Unirii Neamului, pe 24 ianuarie"},"content":{"rendered":"<p>Un val de mobilizare a cuprins re\u021belele sociale imediat dup\u0103 mesajul lui C\u0103lin Georgescu, care a chemat cet\u0103\u021benii la un eveniment simbolic dedicat unit\u0103\u021bii na\u021bionale: Marea Hor\u0103 a Unirii Neamului.<\/p>\n<p>\u201eDulce Rom\u00e2nie, ne adun\u0103m pentru tine! Dragii mei, pe 24 ianuarie, la ora 13:00, ne \u00eent\u00e2lnim cu to\u0163ii \u00een Pia\u0163a Victoriei pentru a celebra \u00eempreun\u0103 unitatea \u0219i spiritul na\u021bional al acestei \u021b\u0103ri minunate. Vom \u00eencinge Hora Rom\u00e2niei, vom c\u00e2nta, vom sim\u021bi bucuria de a fi \u00eempreun\u0103 \u0219i de a ne aminti ce \u00eenseamn\u0103 s\u0103 fii rom\u00e2n. Al\u0103turi de pre\u015fedintele ales, v\u0103 a\u0219tept\u0103m s\u0103 d\u0103m m\u00e2n\u0103 cu m\u00e2n\u0103, s\u0103 l\u0103s\u0103m energia pozitiv\u0103 s\u0103 ne cuprind\u0103 \u0219i s\u0103 s\u0103rb\u0103torim acest moment cu sufletele pline de m\u00e2ndrie. Haide\u021bi s\u0103 ar\u0103t\u0103m c\u00e2t de frumoas\u0103, unit\u0103 \u0219i puternic\u0103 este \u021bara noastr\u0103!Ne vedem pe 24 ianuarie! Cine se al\u0103tur\u0103 horei noastre?\u201d, a transmis o utilizatoare de TikTok.<\/p>\n<p><a href=\"https:\/\/www.realitatea.net\/stiri\/actual\/calin-georgescu-ii-invita-pe-romani-sa-participe-la-marea-hora-a-unirii-neamului-pe-24-ianuarie_678d511ee8b21c296b1de262\" target=\"_blank\">C\u0103lin Georgescu \u00eei invit\u0103 pe rom\u00e2ni s\u0103 participe la Marea Hor\u0103 a Unirii Neamului pe 24 ianuarie<\/a><\/p>\n<p>\u00a0<\/p>\n<p>\u00a0<\/p>\n\n<p><a title=\"@primasport.ro\" href=\"https:\/\/www.tiktok.com\/@primasport.ro?refer=embed\" target=\"_blank\">@primasport.ro<\/a> <a title=\"footballtiktok\" href=\"https:\/\/www.tiktok.com\/tag\/footballtiktok?refer=embed\" target=\"_blank\">#footballtiktok<\/a> <a title=\"primasport\" href=\"https:\/\/www.tiktok.com\/tag\/primasport?refer=embed\" target=\"_blank\">#primasport<\/a> <a title=\"viral\" href=\"https:\/\/www.tiktok.com\/tag\/viral?refer=embed\" target=\"_blank\">#viral<\/a> <a title=\"fyp\" href=\"https:\/\/www.tiktok.com\/tag\/fyp?refer=embed\" target=\"_blank\">#fyp<\/a> <a title=\"\u266c sunet original - PrimaSport\" href=\"https:\/\/www.tiktok.com\/music\/sunet-original-7461644757996653334?refer=embed\" target=\"_blank\">\u266c sunet original &#8211; PrimaSport<\/a><\/p>","protected":false},"excerpt":{"rendered":"<p>Un val de mobilizare a cuprins re\u021belele sociale imediat dup\u0103 mesajul lui C\u0103lin Georgescu, care&hellip;<\/p>\n","protected":false},"author":0,"featured_media":25767,"comment_status":"open","ping_status":"open","sticky":false,"template":"","format":"standard","meta":{"footnotes":""},"categories":[2],"tags":[],"class_list":["post-25766","post","type-post","status-publish","format-standard","has-post-thumbnail","hentry","category-actual"],"_links":{"self":[{"href":"https:\/\/247stiri.ro\/index.php\/wp-json\/wp\/v2\/posts\/25766","targetHints":{"allow":["GET"]}}],"collection":[{"href":"https:\/\/247stiri.ro\/index.php\/wp-json\/wp\/v2\/posts"}],"about":[{"href":"https:\/\/247stiri.ro\/index.php\/wp-json\/wp\/v2\/types\/post"}],"replies":[{"embeddable":true,"href":"https:\/\/247stiri.ro\/index.php\/wp-json\/wp\/v2\/comments?post=25766"}],"version-history":[{"count":0,"href":"https:\/\/247stiri.ro\/index.php\/wp-json\/wp\/v2\/posts\/25766\/revisions"}],"wp:featuredmedia":[{"embeddable":true,"href":"https:\/\/247stiri.ro\/index.php\/wp-json\/wp\/v2\/media\/25767"}],"wp:attachment":[{"href":"https:\/\/247stiri.ro\/index.php\/wp-json\/wp\/v2\/media?parent=25766"}],"wp:term":[{"taxonomy":"category","embeddable":true,"href":"https:\/\/247stiri.ro\/index.php\/wp-json\/wp\/v2\/categories?post=25766"},{"taxonomy":"post_tag","embeddable":true,"href":"https:\/\/247stiri.ro\/index.php\/wp-json\/wp\/v2\/tags?post=25766"}],"curies":[{"name":"wp","href":"https:\/\/api.w.org\/{rel}","templated":true}]}}