{"id":25771,"date":"2025-01-20T15:46:08","date_gmt":"2025-01-20T15:46:08","guid":{"rendered":"https:\/\/247stiri.ro\/index.php\/2025\/01\/20\/ilie-bolojan-despre-posibila-suspendare-a-lui-iohannis-este-un-nonsens\/"},"modified":"2025-01-20T15:46:08","modified_gmt":"2025-01-20T15:46:08","slug":"ilie-bolojan-despre-posibila-suspendare-a-lui-iohannis-este-un-nonsens","status":"publish","type":"post","link":"https:\/\/247stiri.ro\/index.php\/2025\/01\/20\/ilie-bolojan-despre-posibila-suspendare-a-lui-iohannis-este-un-nonsens\/","title":{"rendered":"Ilie Bolojan, despre posibila suspendare a lui Iohannis: \u201eEste un nonsens!\u201d"},"content":{"rendered":"<p>\u201ePre\u0219edintele Iohannis, din p\u0103cate \u0219i pentru d\u00e2nsul, a ajuns \u00eentr-o situa\u021bie \u00een care dup\u0103 10 ani are o cot\u0103 de \u00eencredere foarte sc\u0103zut\u0103. Ca atare, oricine \u00eel critic\u0103, oricine \u00eei cere plecarea din aceast\u0103 situa\u021bie de provizorat nu face dec\u00e2t s\u0103 bat\u0103 la u\u0219ile deschise ale opiniei publice \u0219i practic cei care solicit\u0103 suspendarea sau retragerea ac\u021bioneaz\u0103 pe baza unui joc politic g\u00e2ndind-se la alegerile preziden\u021biale care vor veni \u0219i la consolidarea imaginii publice.<\/p>\n<p>A doua chestiune este legat\u0103 de un calendar care ar \u021bine de o anumit\u0103 suspendare. Dac\u0103 am presupune c\u0103 aceast\u0103 procedur\u0103 de suspendare s-ar derula prin Parlament, dac\u0103 am presupune c\u0103 referendumul ar trece am dep\u0103\u0219i data stabilit\u0103 pentru alegerile preziden\u021biale ca dat\u0103 de organizare a alegerilor dup\u0103 finalizarea acestei proceduri.<\/p>\n<p>Prin urmare este un nonsens, ca \u00een aceast\u0103 situa\u021bie, din moment ce avem calendarul alegerilor preziden\u021biale stabilit, din moment ce \u0219tim c\u0103 turul \u00eent\u00e2i este \u00een data de 4 mai \u0219i turul doi \u00een data de 18, este un nonsens s\u0103 spunem administrativ s\u0103 te duci cu aceast\u0103 procedur\u0103 pentru c\u0103 ea nu ar face dec\u00e2t s\u0103 genereze noi alegeri preziden\u021biale, dar dup\u0103 aceast\u0103 dat\u0103.<\/p>","protected":false},"excerpt":{"rendered":"<p>\u201ePre\u0219edintele Iohannis, din p\u0103cate \u0219i pentru d\u00e2nsul, a ajuns \u00eentr-o situa\u021bie \u00een care dup\u0103 10&hellip;<\/p>\n","protected":false},"author":0,"featured_media":25765,"comment_status":"open","ping_status":"open","sticky":false,"template":"","format":"standard","meta":{"footnotes":""},"categories":[2],"tags":[],"class_list":["post-25771","post","type-post","status-publish","format-standard","has-post-thumbnail","hentry","category-actual"],"_links":{"self":[{"href":"https:\/\/247stiri.ro\/index.php\/wp-json\/wp\/v2\/posts\/25771","targetHints":{"allow":["GET"]}}],"collection":[{"href":"https:\/\/247stiri.ro\/index.php\/wp-json\/wp\/v2\/posts"}],"about":[{"href":"https:\/\/247stiri.ro\/index.php\/wp-json\/wp\/v2\/types\/post"}],"replies":[{"embeddable":true,"href":"https:\/\/247stiri.ro\/index.php\/wp-json\/wp\/v2\/comments?post=25771"}],"version-history":[{"count":0,"href":"https:\/\/247stiri.ro\/index.php\/wp-json\/wp\/v2\/posts\/25771\/revisions"}],"wp:featuredmedia":[{"embeddable":true,"href":"https:\/\/247stiri.ro\/index.php\/wp-json\/wp\/v2\/media\/25765"}],"wp:attachment":[{"href":"https:\/\/247stiri.ro\/index.php\/wp-json\/wp\/v2\/media?parent=25771"}],"wp:term":[{"taxonomy":"category","embeddable":true,"href":"https:\/\/247stiri.ro\/index.php\/wp-json\/wp\/v2\/categories?post=25771"},{"taxonomy":"post_tag","embeddable":true,"href":"https:\/\/247stiri.ro\/index.php\/wp-json\/wp\/v2\/tags?post=25771"}],"curies":[{"name":"wp","href":"https:\/\/api.w.org\/{rel}","templated":true}]}}