{"id":25775,"date":"2025-01-20T15:46:09","date_gmt":"2025-01-20T15:46:09","guid":{"rendered":"https:\/\/247stiri.ro\/index.php\/2025\/01\/20\/marcel-bolos-explica-de-ce-ne-a-lasat-comisia-europeana-fara-20-de-miliarde-de-euro-din-cererea-3-de-plata-pnrr\/"},"modified":"2025-01-20T15:46:09","modified_gmt":"2025-01-20T15:46:09","slug":"marcel-bolos-explica-de-ce-ne-a-lasat-comisia-europeana-fara-20-de-miliarde-de-euro-din-cererea-3-de-plata-pnrr","status":"publish","type":"post","link":"https:\/\/247stiri.ro\/index.php\/2025\/01\/20\/marcel-bolos-explica-de-ce-ne-a-lasat-comisia-europeana-fara-20-de-miliarde-de-euro-din-cererea-3-de-plata-pnrr\/","title":{"rendered":"Marcel Bolo\u0219 explic\u0103 de ce ne-a l\u0103sat Comisia European\u0103 f\u0103r\u0103 20 de miliarde de euro din Cererea 3 de plat\u0103 PNRR"},"content":{"rendered":"<p>Ministrul Investi\u0163iilor \u015fi Proiectelor Europene, Marcel Bolo\u015f, a explicat luni, la un post TV, motivele pentru care Comisia European\u0103 a blocat cererea de plat\u0103 num\u0103rul 3 din cadrul PNRR, principalele cauze fiind ne\u00eendeplinirea de c\u0103tre Rom\u00e2nia a unor jaloane legate de numirile din companiile de stat, dar \u015fi de pensiile speciale.<\/p>\n<p>\u201e\u00centr-adev\u0103r, avem pentru cererea de plat\u0103 num\u0103rul trei o serie de jaloane fa\u0163\u0103 de care Comisia nu a validat \u00eenc\u0103 faptul c\u0103 au fost \u00eendeplinite. Unul dintre cele mai importante jaloane este cel legat de pensiile speciale, pentru c\u0103 pe de o parte, a\u015ftept\u0103m decizia Cur\u0163ii Constitu\u0163ionale, pe data de 4 februarie, \u00een ceea ce prive\u015fte pensiile militarilor \u015fi pe de alt\u0103 parte, avem pronun\u0163area pe care deja Curtea Constitu\u0163ional\u0103 a avut-o pentru ceea ce \u00eenseamn\u0103 impozitarea cu 20% a pensiilor speciale \u015fi, desigur, de aici neconstitu\u0163ionalitatea acestei decizii. A\u015ftept\u0103m aceste decizii s\u0103 fie publicate \u00een Monitorul Oficial \u015fi a\u015ftept\u0103m \u015fi vizita Comisiei Europene anun\u0163at\u0103 pentru perioada 10-14 februarie\u201d, a declarat Bolo\u015f, care a fost anterior ministru de Finan\u0163e.<\/p>\n<p>Potrivit ministrului, vizita Comisiei Europene va fi \u201ddefinitorie\u201d pentru ceea ce \u00eenseamn\u0103 clarific\u0103rile \u00een privin\u0163a cererii de plat\u0103 num\u0103rul trei. \u201dDe asemenea mai avem definitorie, pentru implementarea PNRR, modific\u0103rile \u015fi renegocierea PNRR-ului, pentru care ne-am fixat ca termen de depunere oficial\u0103 data de 31 martie 2025\u201d.<\/p>\n<p>Ministrul a ad\u0103ugat c\u0103 jalonul legat de pensiile speciale este unul dintre cele mai importante, al\u0103turi de numirea \u00een consiliile de administra\u0163ie, mai ales jaloanele care privesc numirile la Ministerul Energiei. \u201dAcolo, din ce avem ca \u015fi numiri \u00een consiliile de administra\u0163ie pentru trei companii, ast\u0103zi Comisia European\u0103 a re\u0163inut \u015fi a suspendat 400 de milioane de euro pentru ne\u00eendeplinirea acestui jalon. \u015ei de aceea, \u00een aceast\u0103 perioad\u0103 discut\u0103m inclusiv la nivel de Guvern, pentru a g\u0103si o solu\u0163ie \u00eenc\u00e2t aceste numiri s\u0103 fie deblocate \u015fi cumva s\u0103 reu\u015fim s\u0103 facem dovada c\u0103 aceste jaloane sunt \u00eendeplinite\u201d,<\/p>\n<p>Marcel Bolo\u015f a spus c\u0103\u00a0termenul de \u015fase luni de la momentul la care se comunic\u0103 scrisoarea oficial\u0103 a Comisiei \u00eenc\u0103 nu a \u00eenceput s\u0103 curg\u0103, iar Guvernul a\u015fteapt\u0103 scrisoarea oficial\u0103 a Comisiei.<\/p>\n<p>\u201dProbabil c\u0103 aceasta se va \u00eent\u00e2mpla dup\u0103 ce CCR se va pronun\u0163a, pe data de 4 februarie, asupra pensiilor militarilor \u015fi, apoi, \u00een cele \u015fase luni care curg oficial, s\u0103 reu\u015fim m\u0103suri, inclusiv cu AMEPIP-ul, s\u0103 nu uit\u0103m c\u0103 \u015fi acolo avem procedura pentru numirea pre\u015fedin\u0163ilor \u015fi vicepre\u015fedin\u0163ilor, care de asemenea cost\u0103 Rom\u00e2nia alte 400 de milioane de euro. \u015ei ar fi p\u0103cat ca aceste costuri enorme pe care le avem, cu neducerea la bun sf\u00e2r\u015fit a acestor jaloane, s\u0103 se transforme p\u00e2n\u0103 la urm\u0103 \u00een pierderi de bani pentru \u0163ara noastr\u0103.\u201d<\/p>\n<p>Rom\u00e2nia mai are 20 de miliarde de euro de \u00eencasat de la Comisia European\u0103,\u00a0p\u00e2n\u0103 pe data de 31 august 2026,\u00a0din cele 29 de miliarde care i-au fost alocate. \u201dE un timp extrem de scurt \u015fi o valoare enorm\u0103 pentru Rom\u00e2nia \u015fi pentru investi\u0163iile asumate \u00een cadrul PNRR.\u201d\u00a0<\/p>","protected":false},"excerpt":{"rendered":"<p>Ministrul Investi\u0163iilor \u015fi Proiectelor Europene, Marcel Bolo\u015f, a explicat luni, la un post TV, motivele&hellip;<\/p>\n","protected":false},"author":0,"featured_media":25776,"comment_status":"open","ping_status":"open","sticky":false,"template":"","format":"standard","meta":{"footnotes":""},"categories":[2],"tags":[],"class_list":["post-25775","post","type-post","status-publish","format-standard","has-post-thumbnail","hentry","category-actual"],"_links":{"self":[{"href":"https:\/\/247stiri.ro\/index.php\/wp-json\/wp\/v2\/posts\/25775","targetHints":{"allow":["GET"]}}],"collection":[{"href":"https:\/\/247stiri.ro\/index.php\/wp-json\/wp\/v2\/posts"}],"about":[{"href":"https:\/\/247stiri.ro\/index.php\/wp-json\/wp\/v2\/types\/post"}],"replies":[{"embeddable":true,"href":"https:\/\/247stiri.ro\/index.php\/wp-json\/wp\/v2\/comments?post=25775"}],"version-history":[{"count":0,"href":"https:\/\/247stiri.ro\/index.php\/wp-json\/wp\/v2\/posts\/25775\/revisions"}],"wp:featuredmedia":[{"embeddable":true,"href":"https:\/\/247stiri.ro\/index.php\/wp-json\/wp\/v2\/media\/25776"}],"wp:attachment":[{"href":"https:\/\/247stiri.ro\/index.php\/wp-json\/wp\/v2\/media?parent=25775"}],"wp:term":[{"taxonomy":"category","embeddable":true,"href":"https:\/\/247stiri.ro\/index.php\/wp-json\/wp\/v2\/categories?post=25775"},{"taxonomy":"post_tag","embeddable":true,"href":"https:\/\/247stiri.ro\/index.php\/wp-json\/wp\/v2\/tags?post=25775"}],"curies":[{"name":"wp","href":"https:\/\/api.w.org\/{rel}","templated":true}]}}