{"id":25787,"date":"2025-01-20T16:45:09","date_gmt":"2025-01-20T16:45:09","guid":{"rendered":"https:\/\/247stiri.ro\/index.php\/2025\/01\/20\/liderul-suveranistilor-romani-george-simion-invitat-oficial-la-investitura-lui-donald-trump\/"},"modified":"2025-01-20T16:45:09","modified_gmt":"2025-01-20T16:45:09","slug":"liderul-suveranistilor-romani-george-simion-invitat-oficial-la-investitura-lui-donald-trump","status":"publish","type":"post","link":"https:\/\/247stiri.ro\/index.php\/2025\/01\/20\/liderul-suveranistilor-romani-george-simion-invitat-oficial-la-investitura-lui-donald-trump\/","title":{"rendered":"Liderul suverani\u0219tilor rom\u00e2ni, George Simion, invitat oficial la \u00eenvestitura lui Donald Trump"},"content":{"rendered":"<p>\u201eSunt vicepre\u0219edintele acestui partid \u00eenc\u0103 de s\u0103pt\u0103m\u00e2na trecut\u0103 sunt aici \u00eempreun\u0103 cu Mateusz Moravieski. Sunt zeci de evenimente care au loc odat\u0103 cu \u00eenvestitura lui Trump. Eu sunt \u00een calitate oficial\u0103 prin afilierea AUR la Partidul Republican. Am avut \u00eent\u00e2lnire cu pre\u0219edintele Camerei Reprezentan\u021bilor, ne-am \u00eent\u00e2lnit cu Donald Trump Jr. cu Ted Cruz \u0219i cu alte personalit\u0103\u021bi ale lumii conservatoare. Suntem invita\u021bi \u00een februarie la \u201eConservative bank\u201d, cel mai mare eveniment al republicanilor la Washington.<\/p>\n<p>Suveranismul \u0219i conservatorismul sunt concepte congruente, noi facem parte dintr-o mi\u0219care conservatoare european\u0103 care cuprinde lumea libera, iar mi\u0219carea suveranist\u0103 este promovat\u0103 de Donald Trump. Face parte din valul trumpist care a reu\u0219it s\u0103 redea demnitatea lumii \u00eentregi. Aici, \u00een sala Congresului SUA suntem cu Steven Bartilitza. Sunt \u00eempreun\u0103 cu colegii din conducerea ISIAR \u0219i care reprezint\u0103 mi\u0219carea suveranist\u0103 din Europa. Noi, suverani\u0219tii, suntem variant european\u0103 conservatorilor SUA\u201d, a declarat George Simion.<\/p>\n<p>\u00a0<\/p>\n<p>\u00a0<\/p>","protected":false},"excerpt":{"rendered":"<p>\u201eSunt vicepre\u0219edintele acestui partid \u00eenc\u0103 de s\u0103pt\u0103m\u00e2na trecut\u0103 sunt aici \u00eempreun\u0103 cu Mateusz Moravieski. Sunt&hellip;<\/p>\n","protected":false},"author":0,"featured_media":25782,"comment_status":"open","ping_status":"open","sticky":false,"template":"","format":"standard","meta":{"footnotes":""},"categories":[2],"tags":[],"class_list":["post-25787","post","type-post","status-publish","format-standard","has-post-thumbnail","hentry","category-actual"],"_links":{"self":[{"href":"https:\/\/247stiri.ro\/index.php\/wp-json\/wp\/v2\/posts\/25787","targetHints":{"allow":["GET"]}}],"collection":[{"href":"https:\/\/247stiri.ro\/index.php\/wp-json\/wp\/v2\/posts"}],"about":[{"href":"https:\/\/247stiri.ro\/index.php\/wp-json\/wp\/v2\/types\/post"}],"replies":[{"embeddable":true,"href":"https:\/\/247stiri.ro\/index.php\/wp-json\/wp\/v2\/comments?post=25787"}],"version-history":[{"count":0,"href":"https:\/\/247stiri.ro\/index.php\/wp-json\/wp\/v2\/posts\/25787\/revisions"}],"wp:featuredmedia":[{"embeddable":true,"href":"https:\/\/247stiri.ro\/index.php\/wp-json\/wp\/v2\/media\/25782"}],"wp:attachment":[{"href":"https:\/\/247stiri.ro\/index.php\/wp-json\/wp\/v2\/media?parent=25787"}],"wp:term":[{"taxonomy":"category","embeddable":true,"href":"https:\/\/247stiri.ro\/index.php\/wp-json\/wp\/v2\/categories?post=25787"},{"taxonomy":"post_tag","embeddable":true,"href":"https:\/\/247stiri.ro\/index.php\/wp-json\/wp\/v2\/tags?post=25787"}],"curies":[{"name":"wp","href":"https:\/\/api.w.org\/{rel}","templated":true}]}}