{"id":25794,"date":"2025-01-20T17:45:36","date_gmt":"2025-01-20T17:45:36","guid":{"rendered":"https:\/\/247stiri.ro\/index.php\/2025\/01\/20\/marcel-ciolacu-reintoarcerea-lui-donald-trump-la-casa-alba-este-un-moment-istoric-va-avea-ecouri-pozitive-si-pentru-romania\/"},"modified":"2025-01-20T17:45:36","modified_gmt":"2025-01-20T17:45:36","slug":"marcel-ciolacu-reintoarcerea-lui-donald-trump-la-casa-alba-este-un-moment-istoric-va-avea-ecouri-pozitive-si-pentru-romania","status":"publish","type":"post","link":"https:\/\/247stiri.ro\/index.php\/2025\/01\/20\/marcel-ciolacu-reintoarcerea-lui-donald-trump-la-casa-alba-este-un-moment-istoric-va-avea-ecouri-pozitive-si-pentru-romania\/","title":{"rendered":"Marcel Ciolacu: \u201eRe\u00eentoarcerea lui Donald Trump la Casa Alb\u0103 este un moment istoric Va avea ecouri pozitive \u0219i pentru Rom\u00e2nia\u201d"},"content":{"rendered":"<p>\u201eRe\u00eentoarcerea pre\u0219edintelui Donald Trump la Casa Alb\u0103 este un moment istoric, care va avea ecouri pozitive \u0219i \u00een ceea ce prive\u0219te Rom\u00e2nia.<\/p>\n<p>\u00cen cele dou\u0103 convorbiri telefonice pe care le-am avut cu pre\u0219edintele Trump, una la Bucure\u0219ti \u0219i una la Budapesta \u00eempreun\u0103 cu premierul Viktor Orban, m-am asigurat c\u0103 Rom\u00e2nia este pe agenda noului pre\u0219edinte american, at\u00e2t din punct de vedere al securit\u0103\u021bii, c\u00e2t \u0219i al investi\u021biilor importante.<\/p>\n<p>Ca Prim-ministru al Rom\u00e2niei, voi lucra \u00eempreun\u0103 cu noua administra\u021bie de la Washington pentru a face Parteneriatul nostru Strategic mai puternic ca niciodat\u0103. Al\u0103turi de partenerii din NATO \u0219i din Uniunea European\u0103, trebuie s\u0103 g\u0103sim solu\u021bii care s\u0103 r\u0103spund\u0103 provoc\u0103rilor comune cu care ne confrunt\u0103m pentru a asigura prosperitatea cet\u0103\u021benilor no\u0219tri \u0219i, totodat\u0103, securitatea \u00een plan regional \u0219i interna\u021bional\u201d, a transmis Marcel Ciolacu.<\/p>\n<p>\u00a0<\/p>","protected":false},"excerpt":{"rendered":"<p>\u201eRe\u00eentoarcerea pre\u0219edintelui Donald Trump la Casa Alb\u0103 este un moment istoric, care va avea ecouri&hellip;<\/p>\n","protected":false},"author":0,"featured_media":25792,"comment_status":"open","ping_status":"open","sticky":false,"template":"","format":"standard","meta":{"footnotes":""},"categories":[2],"tags":[],"class_list":["post-25794","post","type-post","status-publish","format-standard","has-post-thumbnail","hentry","category-actual"],"_links":{"self":[{"href":"https:\/\/247stiri.ro\/index.php\/wp-json\/wp\/v2\/posts\/25794","targetHints":{"allow":["GET"]}}],"collection":[{"href":"https:\/\/247stiri.ro\/index.php\/wp-json\/wp\/v2\/posts"}],"about":[{"href":"https:\/\/247stiri.ro\/index.php\/wp-json\/wp\/v2\/types\/post"}],"replies":[{"embeddable":true,"href":"https:\/\/247stiri.ro\/index.php\/wp-json\/wp\/v2\/comments?post=25794"}],"version-history":[{"count":0,"href":"https:\/\/247stiri.ro\/index.php\/wp-json\/wp\/v2\/posts\/25794\/revisions"}],"wp:featuredmedia":[{"embeddable":true,"href":"https:\/\/247stiri.ro\/index.php\/wp-json\/wp\/v2\/media\/25792"}],"wp:attachment":[{"href":"https:\/\/247stiri.ro\/index.php\/wp-json\/wp\/v2\/media?parent=25794"}],"wp:term":[{"taxonomy":"category","embeddable":true,"href":"https:\/\/247stiri.ro\/index.php\/wp-json\/wp\/v2\/categories?post=25794"},{"taxonomy":"post_tag","embeddable":true,"href":"https:\/\/247stiri.ro\/index.php\/wp-json\/wp\/v2\/tags?post=25794"}],"curies":[{"name":"wp","href":"https:\/\/api.w.org\/{rel}","templated":true}]}}