{"id":2581,"date":"2024-10-28T17:49:31","date_gmt":"2024-10-28T17:49:31","guid":{"rendered":"https:\/\/247stiri.ro\/index.php\/2024\/10\/28\/kelemen-hunor-critica-reforma-administrativa-inseamna-ca-judetul-harghita-se-va-dilua-cu-covasna-muresul-brasov-si-cu-sibiul-intr-un-judet-mare\/"},"modified":"2024-10-28T17:49:31","modified_gmt":"2024-10-28T17:49:31","slug":"kelemen-hunor-critica-reforma-administrativa-inseamna-ca-judetul-harghita-se-va-dilua-cu-covasna-muresul-brasov-si-cu-sibiul-intr-un-judet-mare","status":"publish","type":"post","link":"https:\/\/247stiri.ro\/index.php\/2024\/10\/28\/kelemen-hunor-critica-reforma-administrativa-inseamna-ca-judetul-harghita-se-va-dilua-cu-covasna-muresul-brasov-si-cu-sibiul-intr-un-judet-mare\/","title":{"rendered":"Kelemen Hunor critic\u0103 reforma administrativ\u0103: \u201e\u00censeamn\u0103 c\u0103 jude\u0163ul Harghita se va dilua cu Covasna, Mure\u015ful, Bra\u015fov \u015fi cu Sibiul, \u00eentr-un jude\u0163 mare\u201d"},"content":{"rendered":"<p>&#8222;Acest proiect de lege \u00eenseamn\u0103 c\u0103 jude\u0163ul Harghita se va dilua cu Covasna, Mure\u015ful, cu jude\u0163ul Bra\u015fov \u015fi cu Sibiul, \u00eentr-un jude\u0163 mare. Asta \u00eenseamn\u0103 centralizare, nu subsidiaritate. Nu \u00eenseamn\u0103 manifestarea intereselor comunit\u0103\u0163ilor locale. Asta \u00eenseamn\u0103 c\u0103 noi vom ajunge la periferie. Asta \u00eenseamn\u0103 c\u0103 pentru o autoriza\u0163ie simpl\u0103, pentru un aviz simplu, va trebui s\u0103 mergem la Alba Iulia sau la Bra\u015fov sau la Sibiu. \u015ei cred c\u0103 pentru noi este inacceptabil. Eu pot s\u0103-mi imaginez doar o reform\u0103 administrativ\u0103 care aduce mai aproape de cet\u0103\u0163eni deciziile, care nu duce decizia departe de cet\u0103\u0163eni \u015fi care nu duce la periferie secuii \u015fi comunit\u0103\u0163ile maghiare din regiune. Deci, cea mai mare provocare este cum va ar\u0103ta reforma administrativ\u0103&#8221;, a spus Kelemen, potrivit traducerii asigurate de organizatori.Ulterior, liderul Uniunii a declarat pentru Agerpres c\u0103 aceast\u0103 lege este &#8222;at\u00e2t de proast\u0103&#8221;, \u00eenc\u00e2t nu poate fi amendat\u0103, fiind convins c\u0103 trebuie respins\u0103.&#8221;Nu poate fi amendat\u0103, at\u00e2t de proast\u0103 e legea. Po\u0163i s\u0103 votezi &#8222;pentru&#8221; sau po\u0163i s\u0103 respingi. Eu sunt convins c\u0103 aceast\u0103 lege trebuie respins\u0103. Nu neg c\u0103 e nevoie de o reform\u0103 administrativ\u0103, dar nu po\u0163i s\u0103 faci, \u00een loc de a pune \u00een practic\u0103 principiul subsidiarit\u0103\u0163ii, o centralizare, fiindc\u0103 despre asta vorbim. S\u0103 ai opt jude\u0163e \u00eenseamn\u0103 s\u0103 duci decizia de la comunitate la o distan\u0163\u0103 foarte mare, \u00een condi\u0163iile \u00een care \u00een Rom\u00e2nia nu func\u0163ioneaz\u0103 sistemele digitale deloc, nu func\u0163ioneaz\u0103 bunul-sim\u0163, nu func\u0163ioneaz\u0103 ra\u0163iunea, nimic. Deci, din acest punct de vedere, s\u0103 comasezi jude\u0163ele \u015fi s\u0103 faci din regiunile de dezvoltare jude\u0163e \u00eenseamn\u0103 catastrof\u0103, \u00eenseamn\u0103 centralizarea deciziilor&#8221;, a afirmat Kelemen.Pre\u015fedintele UDMR a mai vorbit \u00een discursul s\u0103u \u015fi despre alte provoc\u0103ri ale perioadei urm\u0103toare, cum ar fi declinul demografic, care \u00eei afecteaz\u0103 at\u00e2t pe rom\u00e2ni, c\u00e2t \u015fi pe maghiari.<\/p>\n<p><a title='Ajutor-surpriza de la vecini: ,,Aderarea deplina a Romaniei la Schengen este in interesul national al Ungariei\"' href=\"https:\/\/www.realitatea.net\/stiri\/actual\/ajutorsurpriza-de-la-vecini-aderarea-deplina-a-romaniei-la-schengen-este-in-interesul-national-al-ungariei_671fa7d1724d9951654d93b2\">Ajutor-surpriz\u0103 de la vecini: \u201eAderarea deplin\u0103 a Rom\u00e2niei la Schengen este \u00een interesul na\u0163ional al Ungariei\u201d<\/a>&#8222;Ast\u0103zi, pentru noi, pentru comunitatea noastr\u0103, dar cred c\u0103 pentru toat\u0103 \u0163ara, cea mai mare provocare este problema demografic\u0103. Trebuie \u015fi putem vorbi despre multe lucruri. Putem vorbi despre investi\u0163ii, despre tot felul de planuri, proiecte, despre vise, despre dorin\u0163e, dolean\u0163e, dar adev\u0103rul este c\u0103 dac\u0103 nu se nasc copii, atunci politica n-are pentru cine s\u0103 lucreze. Pentru cine lucr\u0103m, pentru cine construim, pentru cine vrem s\u0103 construim autostr\u0103zi, pentru cine vrem s\u0103 \u00eenfiin\u0163\u0103m institu\u0163ii? Cel mai important, deci, este ca la acea sc\u0103dere demografic\u0103, cu care trebuie s\u0103 se confrunte rom\u00e2nii \u015fi maghiarii laolalt\u0103 \u00een aceast\u0103 \u0163ar\u0103, s\u0103 g\u0103sim solu\u0163ii. Solu\u0163ii bune, solu\u0163ii care s\u0103-i \u0163in\u0103 pe tineri acas\u0103&#8221;, a subliniat Kelemen, potrivit traducerii oficiale.\u00cen opinia sa, de la pre\u015fedintele \u0163\u0103rii p\u00e2n\u0103 la primari sau consilieri, trebuie s\u0103 se g\u0103seasc\u0103 solu\u0163ii bune la problema demografic\u0103.Liderul Uniunii s-a referit \u015fi la situa\u0163ia economic\u0103 a \u0163\u0103rii, sus\u0163in\u00e2nd c\u0103 &#8222;bugetul \u0163\u0103rii este \u00een ruine&#8221; \u015fi c\u0103 trebuie luate m\u0103suri pentru reducerea deficitului f\u0103r\u0103 ca popula\u0163ia s\u0103 aib\u0103 de suferit.&#8221;Putem reduce deficitul \u00een a\u015fa fel \u00eenc\u00e2t popula\u0163ia s\u0103 nu simt\u0103 \u015fi s\u0103 nu sufere. \u015ei a\u015fa trebuie sc\u0103zut deficitul. Din acest motiv, noi propunem ca \u00een anii urm\u0103tori s\u0103 fie dus\u0103 o politic\u0103 bugetar\u0103 fiscal\u0103 care nu cre\u015fte impozitele \u015fi care face posibil ca puterea de cump\u0103rare pentru familii s\u0103 fie p\u0103strat\u0103 la acela\u015fi nivel. \u015ei da, \u00een aceste condi\u0163ii este posibil s\u0103 cre\u015ftem economia \u015fi s\u0103 sc\u0103dem deficitul bugetar, fiindc\u0103 avem foarte multe cheltuieli pe care guvernul poate s\u0103 le taie lini\u015ftit&#8221;, a sus\u0163inut Kelemen.<\/p>\n<p><a title=\"VIDEO - Lupta intre un paznic in varsta si o hoata de haine intr-un mall din Cluj, in timp ce toti fimleaza si comenteaza de pe margine\" href=\"https:\/\/www.realitatea.net\/stiri\/actual\/video-lupta-intre-un-paznic-in-varsta-si-o-hoata-de-haine-intrun-mall-din-cluj-in-timp-ce-toti-fimleaza-si-comenteaza-de-pe-margine_671fc379061d9e33dd3256d2\">VIDEO &#8211; Lupt\u0103 \u00eentre un paznic \u00een v\u00e2rst\u0103 \u0219i o hoa\u021b\u0103 de haine \u00eentr-un mall din Cluj, \u00een timp ce to\u021bi fimleaz\u0103 \u0219i comenteaz\u0103 de pe margine<\/a><\/p>","protected":false},"excerpt":{"rendered":"<p>&#8222;Acest proiect de lege \u00eenseamn\u0103 c\u0103 jude\u0163ul Harghita se va dilua cu Covasna, Mure\u015ful, cu&hellip;<\/p>\n","protected":false},"author":0,"featured_media":2582,"comment_status":"open","ping_status":"open","sticky":false,"template":"","format":"standard","meta":{"footnotes":""},"categories":[2],"tags":[],"class_list":["post-2581","post","type-post","status-publish","format-standard","has-post-thumbnail","hentry","category-actual"],"_links":{"self":[{"href":"https:\/\/247stiri.ro\/index.php\/wp-json\/wp\/v2\/posts\/2581","targetHints":{"allow":["GET"]}}],"collection":[{"href":"https:\/\/247stiri.ro\/index.php\/wp-json\/wp\/v2\/posts"}],"about":[{"href":"https:\/\/247stiri.ro\/index.php\/wp-json\/wp\/v2\/types\/post"}],"replies":[{"embeddable":true,"href":"https:\/\/247stiri.ro\/index.php\/wp-json\/wp\/v2\/comments?post=2581"}],"version-history":[{"count":0,"href":"https:\/\/247stiri.ro\/index.php\/wp-json\/wp\/v2\/posts\/2581\/revisions"}],"wp:featuredmedia":[{"embeddable":true,"href":"https:\/\/247stiri.ro\/index.php\/wp-json\/wp\/v2\/media\/2582"}],"wp:attachment":[{"href":"https:\/\/247stiri.ro\/index.php\/wp-json\/wp\/v2\/media?parent=2581"}],"wp:term":[{"taxonomy":"category","embeddable":true,"href":"https:\/\/247stiri.ro\/index.php\/wp-json\/wp\/v2\/categories?post=2581"},{"taxonomy":"post_tag","embeddable":true,"href":"https:\/\/247stiri.ro\/index.php\/wp-json\/wp\/v2\/tags?post=2581"}],"curies":[{"name":"wp","href":"https:\/\/api.w.org\/{rel}","templated":true}]}}