{"id":25811,"date":"2025-01-20T18:45:04","date_gmt":"2025-01-20T18:45:04","guid":{"rendered":"https:\/\/247stiri.ro\/index.php\/2025\/01\/20\/donald-trump-s-a-razgandit-nu-mai-impune-taxe-colosale-pentru-produsele-din-diverse-tari-in-special-china-canada-si-mexic\/"},"modified":"2025-01-20T18:45:04","modified_gmt":"2025-01-20T18:45:04","slug":"donald-trump-s-a-razgandit-nu-mai-impune-taxe-colosale-pentru-produsele-din-diverse-tari-in-special-china-canada-si-mexic","status":"publish","type":"post","link":"https:\/\/247stiri.ro\/index.php\/2025\/01\/20\/donald-trump-s-a-razgandit-nu-mai-impune-taxe-colosale-pentru-produsele-din-diverse-tari-in-special-china-canada-si-mexic\/","title":{"rendered":"Donald Trump s-a r\u0103zg\u00e2ndit! Nu mai impune taxe colosale pentru produsele din diverse \u021b\u0103ri, \u00een special China, Canada \u0219i Mexic"},"content":{"rendered":"<p>Pre\u0219edintele SUA se va ab\u0163ine, cel pu\u0163in deocamdat\u0103, s\u0103 impun\u0103 taxele vamale promise anterior \u015fi va dispune \u00een schimb institu\u0163iilor federale americane s\u0103 fac\u0103 o evaluare a rela\u0163iilor comerciale ale SUA, \u00een special cele cu China, Canada \u015fi Mexic, a declarat un oficial din viitoarea sa administra\u0163ie citat de Reuters.\u00a0<\/p>\n<p>Trump a promis \u00een campania electoral\u0103 c\u0103 va impune taxe vamale asupra importurilor cu procente cuprinse \u00eentre 10% \u015fi 20%, pentru a diminua deficitul comercial al SUA, ajuns la circa o mie de miliarde de dolari anual. El a men\u0163ionat de asemenea o tax\u0103 vamal\u0103 de 25% asupra importurilor din Canada \u015fi Mexic, p\u00e2n\u0103 c\u00e2nd aceste dou\u0103 \u0163\u0103ri vecine cu SUA vor lua m\u0103suri menite s\u0103 opreasc\u0103 la grani\u0163e migra\u0163ia ilegal\u0103 \u015fi traficul de droguri, \u015fi de 60% asupra importurilor din China.<\/p>\n<p>Anali\u015ftii economici estimeaz\u0103 c\u0103 astfel de m\u0103suri c\u0103 vor avea printre efecte distorsionarea fluxurilor comerciale, cre\u015fterea costurilor \u015fi m\u0103suri de retorsiune comercial\u0103 \u00eempotriva exporturilor americane.<\/p>\n<p>\u00cens\u0103 acum, potrivit oficialului citat de Reuters, Trump pare s\u0103-\u015fi fi revizuit abordarea la acest capitol \u015fi, \u00een locul impunerii acestor taxe, el ar urma s\u0103 dispun\u0103 agen\u0163iilor specializate evaluarea \u015fi corectarea deficitelor comerciale persistente \u015fi a practicilor comerciale \u015fi monetare neloiale ale partenerilor comerciali externi. Un memorandum cu aceast\u0103 dispozi\u0163ie va eviden\u0163ia Canada, Mexic \u015fi China, dar nu vor fi anun\u0163ate taxe vamale noi, spune sursa citat\u0103.<\/p>\n<p>\u00cen acest timp, fostul director general al Organiza\u0163iei Mondiale a Comer\u0163ului (OMC), Pascal Lamy, a sus\u0163inut c\u0103, dac\u0103 Trump porne\u015fte un r\u0103zboi comercial \u00eempotriva Uniunii Europene, aceasta din urm\u0103 ar trebui &#8222;s\u0103 \u00eencerce s\u0103-l p\u0103c\u0103leasc\u0103&#8221;, a\u015fa cum a procedat \u00een primul mandat al pre\u015fedintelui republican.<\/p>\n<p>Atunci, aminte\u015fte Lamy, Trump s-a pl\u00e2ns cancelarului german Angela Merkel c\u0103 &#8222;sunt multe Mercedes-uri la New York, dar pu\u0163ine Chevrolet-uri la Berlin&#8221;. &#8222;Cei mai expu\u015fi \u00een Europa (unor taxe vamale americane) sunt germanii, de cinci ori mai mult dec\u00e2t noi, francezii&#8221;, a explicat francezul fost director al OMC, potrivit AFP.<\/p>\n<p>&#8222;Cred c\u0103 tactica la Bruxelles este de a a\u015ftepta s\u0103 vad\u0103 ce se \u00eent\u00e2mpl\u0103 \u015fi (&#8230;) de a ajusta r\u0103spunsul&#8221;, eventual de &#8222;a \u00eencerca s\u0103-l p\u0103c\u0103leasc\u0103 pe Trump, care nu este infailibil&#8221;, remarc\u0103 Pascal Lamy.<\/p>\n<p>&#8222;\u00cen primul s\u0103u mandat, (Trump) a \u00eencercat lovitura cu (taxele vamale pe) ma\u015fini, iar Jean-Claude Juncker, care era pre\u015fedintele Comisiei Europene, l-a \u00eembrobodit spun\u00e2ndu-i: &#8222;nu face\u0163i asta, v\u0103 promit c\u0103 vom importa mai mult\u0103 soia (din SUA)&#8221;. Dar urma oricum s\u0103 import\u0103m mai mult\u0103 soia. A\u015fa c\u0103 lucrurile s-au oprit aici&#8221;, a aminitit Lamy, de asemenea fost comisar european pentru comer\u0163.<\/p>\n<p>\u00cen orice caz, sus\u0163ine acesta, &#8222;arsenalul european de retorsiune este puternic&#8221; dac\u0103 Trump recurge la taxe vamale.<\/p>","protected":false},"excerpt":{"rendered":"<p>Pre\u0219edintele SUA se va ab\u0163ine, cel pu\u0163in deocamdat\u0103, s\u0103 impun\u0103 taxele vamale promise anterior \u015fi&hellip;<\/p>\n","protected":false},"author":0,"featured_media":25805,"comment_status":"open","ping_status":"open","sticky":false,"template":"","format":"standard","meta":{"footnotes":""},"categories":[2],"tags":[],"class_list":["post-25811","post","type-post","status-publish","format-standard","has-post-thumbnail","hentry","category-actual"],"_links":{"self":[{"href":"https:\/\/247stiri.ro\/index.php\/wp-json\/wp\/v2\/posts\/25811","targetHints":{"allow":["GET"]}}],"collection":[{"href":"https:\/\/247stiri.ro\/index.php\/wp-json\/wp\/v2\/posts"}],"about":[{"href":"https:\/\/247stiri.ro\/index.php\/wp-json\/wp\/v2\/types\/post"}],"replies":[{"embeddable":true,"href":"https:\/\/247stiri.ro\/index.php\/wp-json\/wp\/v2\/comments?post=25811"}],"version-history":[{"count":0,"href":"https:\/\/247stiri.ro\/index.php\/wp-json\/wp\/v2\/posts\/25811\/revisions"}],"wp:featuredmedia":[{"embeddable":true,"href":"https:\/\/247stiri.ro\/index.php\/wp-json\/wp\/v2\/media\/25805"}],"wp:attachment":[{"href":"https:\/\/247stiri.ro\/index.php\/wp-json\/wp\/v2\/media?parent=25811"}],"wp:term":[{"taxonomy":"category","embeddable":true,"href":"https:\/\/247stiri.ro\/index.php\/wp-json\/wp\/v2\/categories?post=25811"},{"taxonomy":"post_tag","embeddable":true,"href":"https:\/\/247stiri.ro\/index.php\/wp-json\/wp\/v2\/tags?post=25811"}],"curies":[{"name":"wp","href":"https:\/\/api.w.org\/{rel}","templated":true}]}}