{"id":25839,"date":"2025-01-20T21:44:59","date_gmt":"2025-01-20T21:44:59","guid":{"rendered":"https:\/\/247stiri.ro\/index.php\/2025\/01\/20\/marii-absenti-de-la-ceremonia-de-investire-a-lui-donald-trump-de-ce-nu-au-fost-prezente-nume-grele-din-politica-americana\/"},"modified":"2025-01-20T21:44:59","modified_gmt":"2025-01-20T21:44:59","slug":"marii-absenti-de-la-ceremonia-de-investire-a-lui-donald-trump-de-ce-nu-au-fost-prezente-nume-grele-din-politica-americana","status":"publish","type":"post","link":"https:\/\/247stiri.ro\/index.php\/2025\/01\/20\/marii-absenti-de-la-ceremonia-de-investire-a-lui-donald-trump-de-ce-nu-au-fost-prezente-nume-grele-din-politica-americana\/","title":{"rendered":"Marii absen\u021bi de la ceremonia de \u00eenvestire a lui Donald Trump. De ce nu au fost prezente nume grele din politica american\u0103"},"content":{"rendered":"<p>O \u00eenvestire preziden\u021bial\u0103 este un eveniment de mare amploare \u00een capitala american\u0103, care are loc doar o dat\u0103 la patru, cel mult opt ani. Ceremonia de a doua \u00eenvestire a lui Trump este, f\u0103r\u0103 \u00eendoial\u0103, mai semnificativ\u0103 dec\u00e2t alte inaugur\u0103ri preziden\u021biale, av\u00e2nd \u00een vedere campania sa electoral\u0103 intens\u0103, \u00een timpul c\u0103reia a dus mai multe b\u0103t\u0103lii legale, inclusiv acuza\u021bii c\u0103 ar fi \u00eencercat s\u0103 r\u0103stoarne ilegal victoria lui Joe Biden \u00een alegerile din 2020, scrie <a href=\"https:\/\/www.newsweek.com\/donald-trump-inauguration-michelle-obama-nancy-pelosi-aoc-2017837\" target=\"_blank\">newsweek.com<\/a>.<\/p>\n<p>Aceast\u0103 cauz\u0103 a fost respins\u0103 dup\u0103 victoria sa electoral\u0103 din noiembrie 2024, conform politicii Departamentului de Justi\u021bie de a nu urm\u0103ri penal pre\u0219edin\u021bii \u00een func\u021bie. Trump a sus\u021binut c\u0103 este nevinovat \u00een toate cazurile civile \u0219i penale care \u00eei sunt intentate.<\/p>\n<p>Iat\u0103 c\u00e2teva dintre personalit\u0103\u021bile importante din Washington, D.C., care nu au fost prezente la inaugurarea lui Trump:<\/p>\n<p>Michelle Obama, fosta prim\u0103 doamn\u0103 a SUA<\/p>\n<p>Biroul lui Michelle Obama a anun\u021bat s\u0103pt\u0103m\u00e2na trecut\u0103 c\u0103 &#8222;Fostul pre\u0219edinte Barack Obama va participa la cea de-a 60-a Ceremonie de \u00cenvestire. Fosta prim\u0103 doamn\u0103 Michelle Obama nu va fi prezent\u0103 la inaugurarea viitoare.&#8221;<\/p>\n<p>Nancy Pelosi, reprezentanta Californiei<\/p>\n<p>Pelosi, membr\u0103 a Partidului Democrat, a fost pre\u0219edinta Camerei \u00een timpul primului mandat al lui Trump, av\u00e2nd frecvent conflicte cu acesta. Sus\u021bin\u0103torii lui Trump au vizat-o \u00een timpul revoltei din 6 ianuarie 2021, de la Capitoliu. Un purt\u0103tor de cuv\u00e2nt al lui Pelosi a declarat pentru The New York Times s\u0103pt\u0103m\u00e2na trecut\u0103 c\u0103 aceasta nu va participa la ceremonia de \u00eenvestire, dar nu a oferit detalii despre motiv.<\/p>\n<p>Alexandria Ocasio-Cortez, membru al Camerei Reprezentan\u021bilor din New York<\/p>\n<p>Ocasio-Cortez, o democrat progresist\u0103 \u0219i critic\u0103 vocal\u0103 a lui Trump, a declarat pe re\u021belele sociale duminic\u0103, 19 ianuarie: &#8222;To\u021bi ace\u0219ti jurnali\u0219ti m\u0103 \u00eentreab\u0103 dac\u0103 voi merge la inaugurare?&#8230; Vreau s\u0103 fiu clar\u0103, nu celebrez violatori. A\u0219adar, nu, nu voi merge la inaugurare.&#8221; Se pare c\u0103 ea se referea la cele dou\u0103 procese de def\u0103imare intentate \u00eempotriva lui Trump de scriitoarea E. Jean Carroll, care l-a acuzat de agresiune sexual\u0103 \u00een anii &#8217;90. Trump a fost g\u0103sit responsabil de def\u0103imare \u0219i abuz sexual, dar nu de viol.<\/p>\n<p>Karen Pence, fosta a doua doamn\u0103 a SUA<\/p>\n<p>Karen Pence nu a fost al\u0103turi de so\u021bul ei, fostul vicepre\u0219edinte Mike Pence, c\u00e2nd acesta a intrat \u00een Rotonda Capitolului pentru ceremonia de \u00eenvestire a fostului s\u0103u coleg de echip\u0103. Mike Pence a devenit critic la adresa lui Trump dup\u0103 revolta de la Capitoliu, \u00een timpul c\u0103reia sus\u021bin\u0103torii lui Trump au strigat &#8222;Sp\u00e2nzura\u021bi-l pe Mike Pence.&#8221; El a declarat c\u0103 a participat la ceremonia de \u00eenvestire, scriind pe X, fosta Twitter, luni, 20 ianuarie: &#8222;Aceasta este o zi \u00een care fiecare american ar trebui s\u0103 celebreze democra\u021bia noastr\u0103 \u0219i transferul pa\u0219nic de putere conform Constitu\u021biei Statelor Unite.&#8221;<\/p>","protected":false},"excerpt":{"rendered":"<p>O \u00eenvestire preziden\u021bial\u0103 este un eveniment de mare amploare \u00een capitala american\u0103, care are loc&hellip;<\/p>\n","protected":false},"author":0,"featured_media":25835,"comment_status":"open","ping_status":"open","sticky":false,"template":"","format":"standard","meta":{"footnotes":""},"categories":[2],"tags":[],"class_list":["post-25839","post","type-post","status-publish","format-standard","has-post-thumbnail","hentry","category-actual"],"_links":{"self":[{"href":"https:\/\/247stiri.ro\/index.php\/wp-json\/wp\/v2\/posts\/25839","targetHints":{"allow":["GET"]}}],"collection":[{"href":"https:\/\/247stiri.ro\/index.php\/wp-json\/wp\/v2\/posts"}],"about":[{"href":"https:\/\/247stiri.ro\/index.php\/wp-json\/wp\/v2\/types\/post"}],"replies":[{"embeddable":true,"href":"https:\/\/247stiri.ro\/index.php\/wp-json\/wp\/v2\/comments?post=25839"}],"version-history":[{"count":0,"href":"https:\/\/247stiri.ro\/index.php\/wp-json\/wp\/v2\/posts\/25839\/revisions"}],"wp:featuredmedia":[{"embeddable":true,"href":"https:\/\/247stiri.ro\/index.php\/wp-json\/wp\/v2\/media\/25835"}],"wp:attachment":[{"href":"https:\/\/247stiri.ro\/index.php\/wp-json\/wp\/v2\/media?parent=25839"}],"wp:term":[{"taxonomy":"category","embeddable":true,"href":"https:\/\/247stiri.ro\/index.php\/wp-json\/wp\/v2\/categories?post=25839"},{"taxonomy":"post_tag","embeddable":true,"href":"https:\/\/247stiri.ro\/index.php\/wp-json\/wp\/v2\/tags?post=25839"}],"curies":[{"name":"wp","href":"https:\/\/api.w.org\/{rel}","templated":true}]}}