{"id":25907,"date":"2025-01-21T08:46:06","date_gmt":"2025-01-21T08:46:06","guid":{"rendered":"https:\/\/247stiri.ro\/index.php\/2025\/01\/21\/alegeri-prezidentiale-2025-biroul-permanent-al-senatului-se-reuneste-pentru-convocarea-unei-sesiuni-extraordinare\/"},"modified":"2025-01-21T08:46:06","modified_gmt":"2025-01-21T08:46:06","slug":"alegeri-prezidentiale-2025-biroul-permanent-al-senatului-se-reuneste-pentru-convocarea-unei-sesiuni-extraordinare","status":"publish","type":"post","link":"https:\/\/247stiri.ro\/index.php\/2025\/01\/21\/alegeri-prezidentiale-2025-biroul-permanent-al-senatului-se-reuneste-pentru-convocarea-unei-sesiuni-extraordinare\/","title":{"rendered":"Alegeri preziden\u021biale 2025. Biroul permanent al Senatului se reune\u0219te pentru convocarea unei sesiuni extraordinare"},"content":{"rendered":"<p>Potrivit actului normativ, la alegerile pentru pre\u0219edintele Rom\u00e2niei din anul 2025, \u00een ziua de duminic\u0103, votarea \u00eencepe la ora local\u0103 7,00 \u0219i se \u00eencheie la ora local\u0103 21,00, dar nu mai t\u00e2rziu de ora local\u0103 a Rom\u00e2niei 21,00.<\/p>\n<p>Votarea \u00een str\u0103in\u0103tate se desf\u0103\u0219oar\u0103 \u0219i pe parcursul zilelor de vineri \u0219i s\u00e2mb\u0103t\u0103 imediat anterioare zilei vot\u0103rii. \u00cen ziua de vineri \u0219i \u00een ziua de s\u00e2mb\u0103t\u0103, votarea \u00eencepe la ora local\u0103 7,00 \u0219i se \u00eencheie la ora local\u0103 21,00.<\/p>\n<p>\u00cen ziua de duminic\u0103, la ora local\u0103 a Rom\u00e2niei 21,00, pre\u0219edintele biroului electoral al sec\u021biei de votare declar\u0103 votarea \u00eencheiat\u0103 \u0219i dispune \u00eenchiderea localului de vot. Aleg\u0103torii care la acea or\u0103 se afl\u0103 la sediul sec\u021biei de votare, precum \u0219i cei care se afl\u0103 la r\u00e2nd \u00een afara sediului sec\u021biei de votare pentru a intra \u00een localul de vot pot s\u0103-\u0219i exercite dreptul de vot.<\/p>\n<p>Doi membri desemna\u021bi de biroul electoral al sec\u021biei de votare din cadrul acestuia verific\u0103 la ora local\u0103 a Rom\u00e2niei 21,00 dac\u0103 \u00een afara sediului sec\u021biei de votare se afl\u0103 aleg\u0103tori care a\u0219teapt\u0103 s\u0103 \u00ee\u0219i exercite dreptul de vot \u0219i constat\u0103 \u0219i monitorizeaz\u0103 ordinea \u00een care ace\u0219tia au acces \u00een localul de vot. Aleg\u0103torii afla\u021bi \u00een aceast\u0103 situa\u021bie pot vota p\u00e2n\u0103 cel mult la ora local\u0103 a Rom\u00e2niei 23,59.<\/p>\n<p>\u00cen cazul vot\u0103rii \u00een str\u0103in\u0103tate, pe parcursul zilelor de vineri \u0219i s\u00e2mb\u0103t\u0103, imediat anterioare zilei vot\u0103rii, se respect\u0103 ora local\u0103.<\/p>\n<p>Totodat\u0103, OUG mai prevede c\u0103 la alegerile preziden\u021biale din anul 2025, \u00eencep\u00e2nd cu a treia zi de la intrarea \u00een vigoare a actului normativ, aleg\u0103torul cu domiciliul sau re\u0219edin\u021ba \u00een str\u0103in\u0103tate se poate \u00eenregistra ca aleg\u0103tor prin coresponden\u021b\u0103, prin intermediul unui formular online, aflat pe site-ul Autorit\u0103\u021bii Electorale Permanente, \u00een care va \u00eenscrie numele, prenumele, codul numeric personal, adresa de domiciliu sau de re\u0219edin\u021b\u0103 \u0219i adresa de e-mail, precum \u0219i op\u021biunea de transmitere \u00een \u021bar\u0103 sau la reprezentan\u021ba diplomatic\u0103 a votului exprimat prin coresponden\u021b\u0103, la care aleg\u0103torul anexeaz\u0103 copia scanat\u0103 sau fotografia actului de identitate \u0219i a documentului care dovede\u0219te dreptul de \u0219edere, eliberat de autorit\u0103\u021bile str\u0103ine.<\/p>\n<p>Plicurile exterioare sigilate trebuie expediate cu suficient timp \u00eenaintea datei vot\u0103rii, pentru a asigura livrarea acestora p\u00e2n\u0103 cu 4 zile \u00eenaintea datei vot\u0103rii inclusiv, la sediul biroului electoral pentru votul prin coresponden\u021b\u0103.<\/p>\n<p>Exercitarea dreptului de vot la o sec\u021bie de votare din str\u0103in\u0103tate nu este condi\u021bionat\u0103 de \u00eenregistrarea \u00een Registrul electoral ca aleg\u0103tor \u00een str\u0103in\u0103tate.<\/p>\n<p>Potrivit articolului 115 din Constitu\u021bie, o ordonan\u021b\u0103 de urgen\u021b\u0103 intr\u0103 \u00een vigoare numai dup\u0103 depunerea sa spre dezbatere \u00een procedur\u0103 de urgen\u021b\u0103 la Camera competent\u0103 sesizat\u0103, Senatul \u00een acest caz, \u0219i dup\u0103 publicarea ei \u00een Monitorul Oficial. Camerele Parlamentului, dac\u0103 nu se afl\u0103 \u00een sesiune, se convoac\u0103 \u00een mod obligatoriu \u00een 5 zile de la depunere sau, dup\u0103 caz, de la trimitere.\u00a0<\/p>","protected":false},"excerpt":{"rendered":"<p>Potrivit actului normativ, la alegerile pentru pre\u0219edintele Rom\u00e2niei din anul 2025, \u00een ziua de duminic\u0103,&hellip;<\/p>\n","protected":false},"author":0,"featured_media":25908,"comment_status":"open","ping_status":"open","sticky":false,"template":"","format":"standard","meta":{"footnotes":""},"categories":[3],"tags":[],"class_list":["post-25907","post","type-post","status-publish","format-standard","has-post-thumbnail","hentry","category-politica"],"_links":{"self":[{"href":"https:\/\/247stiri.ro\/index.php\/wp-json\/wp\/v2\/posts\/25907","targetHints":{"allow":["GET"]}}],"collection":[{"href":"https:\/\/247stiri.ro\/index.php\/wp-json\/wp\/v2\/posts"}],"about":[{"href":"https:\/\/247stiri.ro\/index.php\/wp-json\/wp\/v2\/types\/post"}],"replies":[{"embeddable":true,"href":"https:\/\/247stiri.ro\/index.php\/wp-json\/wp\/v2\/comments?post=25907"}],"version-history":[{"count":0,"href":"https:\/\/247stiri.ro\/index.php\/wp-json\/wp\/v2\/posts\/25907\/revisions"}],"wp:featuredmedia":[{"embeddable":true,"href":"https:\/\/247stiri.ro\/index.php\/wp-json\/wp\/v2\/media\/25908"}],"wp:attachment":[{"href":"https:\/\/247stiri.ro\/index.php\/wp-json\/wp\/v2\/media?parent=25907"}],"wp:term":[{"taxonomy":"category","embeddable":true,"href":"https:\/\/247stiri.ro\/index.php\/wp-json\/wp\/v2\/categories?post=25907"},{"taxonomy":"post_tag","embeddable":true,"href":"https:\/\/247stiri.ro\/index.php\/wp-json\/wp\/v2\/tags?post=25907"}],"curies":[{"name":"wp","href":"https:\/\/api.w.org\/{rel}","templated":true}]}}