{"id":25913,"date":"2025-01-21T08:46:07","date_gmt":"2025-01-21T08:46:07","guid":{"rendered":"https:\/\/247stiri.ro\/index.php\/2025\/01\/21\/acum-s-a-aflat-adevarul-de-ce-a-murit-marin-cornea-de-fapt-o-colega-de-breasla-rupe-tacerea-despre-durerile-artistului\/"},"modified":"2025-01-21T08:46:07","modified_gmt":"2025-01-21T08:46:07","slug":"acum-s-a-aflat-adevarul-de-ce-a-murit-marin-cornea-de-fapt-o-colega-de-breasla-rupe-tacerea-despre-durerile-artistului","status":"publish","type":"post","link":"https:\/\/247stiri.ro\/index.php\/2025\/01\/21\/acum-s-a-aflat-adevarul-de-ce-a-murit-marin-cornea-de-fapt-o-colega-de-breasla-rupe-tacerea-despre-durerile-artistului\/","title":{"rendered":"Acum s-a aflat ADEV\u0102RUL: de ce a murit M\u0103rin Cornea, de fapt? O coleg\u0103 de breasl\u0103 rupe t\u0103cerea despre durerile artistului"},"content":{"rendered":"<p>Bianca Rus, \u00eendurerat\u0103 de pierderea mentorului s\u0103u<\/p>\n<p>Printre cei care i-au adus un omagiu se num\u0103r\u0103 \u0219i c\u00e2nt\u0103rea\u021ba Bianca Rus, care l-a considerat pe <a href=\"https:\/\/www.realitatea.net\/stiri\/actual\/zi-de-doliu-in-lumea-muzicii-populare-marin-cornea-sa-stins-din-viata-chiar-inainte-de-ziua-de-nastere_678e1963d980a13b926e0542\" target=\"_blank\">M\u0103rin Cornea<\/a> un adev\u0103rat mentor. Cu lacrimi \u00een ochi, aceasta \u0219i-a exprimat regretul profund pentru dispari\u021bia celui care a avut un rol crucial \u00een cariera sa artistic\u0103:<\/p>\n<p>\u201ePentru mine, domnul M\u0103rin Cornea a fost un pilon al form\u0103rii mele. A fost sever, dar mereu corect. Ne-am cunoscut la \u00eenceputul carierei mele, c\u00e2nd m-a sprijinit enorm. Pierderea sa m-a \u0219ocat profund,\u201d a declarat Bianca Rus \u00een exclusivitate pentru <a href=\"https:\/\/click.ro\/vedete\/vedete-romanesti\/de-ce-a-murit-cunoscutul-solist-de-folclor-si-2416051.html\" target=\"_blank\">Click.ro.<\/a><\/p>\n<p>O via\u021b\u0103 dedicat\u0103 muzicii \u0219i televiziunii<\/p>\n<p>\u00cen ultimii ani, M\u0103rin Cornea \u0219i-a concentrat activitatea pe televiziunea folcloric\u0103, fiind fondatorul posturilor Inedit TV \u0219i Cornea TV. Pe l\u00e2ng\u0103 contribu\u021biile sale \u00een domeniul artistic, acesta era cunoscut \u0219i pentru pasiunea sa pentru s\u0103n\u0103tate, administr\u00e2nd o farmacie naturist\u0103 \u00een Bucure\u0219ti.<\/p>\n<p>Artistul a vorbit adesea despre dificult\u0103\u021bile de s\u0103n\u0103tate cu care s-a confruntat de-a lungul vie\u021bii. \u00centr-un interviu acordat regretatului Aurelian Preda, M\u0103rin Cornea a povestit despre momentele critice prin care a trecut, inclusiv despre suspiciunile medicilor privind un posibil cancer esofagian, care s-au dovedit ulterior nefondate.<\/p>\n<p>Cauza decesului lui M\u0103rin Cornea<\/p>\n<p>Potrivit apropia\u021bilor, starea de s\u0103n\u0103tate a artistului s-a deteriorat treptat \u00een ultimii ani. Problemele de mobilitate, durerile persistente \u0219i hipertensiunea i-au afectat semnificativ calitatea vie\u021bii. \u201e\u0218tiu c\u0103 \u00eel dureau picioarele foarte tare. Era sl\u0103bit \u0219i obosit. \u00ce\u0219i ducea cu demnitate b\u0103tr\u00e2ne\u021bea, dar era evident c\u0103 nu mai putea ca \u00eenainte,\u201d a mai ad\u0103ugat Bianca Rus, conform sursei citate mai sus.<\/p>\n<p>Dispari\u021bia lui M\u0103rin Cornea las\u0103 un gol imens \u00een inimile celor care l-au cunoscut \u0219i i-au apreciat talentul \u0219i munca.<\/p>\n<p><a href=\"https:\/\/www.realitatea.net\/stiri\/sport\/doliu-in-lumea-fotbalului-un-sportiv-din-gorj-a-murit-dupa-ce-a-simtit-o-durere-puternica-in-piept_678e0e5c5c814261ab159232\" target=\"_blank\">Dumnezeu s\u0103-l odihneasc\u0103 \u00een pace!<\/a><\/p>","protected":false},"excerpt":{"rendered":"<p>Bianca Rus, \u00eendurerat\u0103 de pierderea mentorului s\u0103u Printre cei care i-au adus un omagiu se&hellip;<\/p>\n","protected":false},"author":0,"featured_media":25914,"comment_status":"open","ping_status":"open","sticky":false,"template":"","format":"standard","meta":{"footnotes":""},"categories":[2],"tags":[],"class_list":["post-25913","post","type-post","status-publish","format-standard","has-post-thumbnail","hentry","category-actual"],"_links":{"self":[{"href":"https:\/\/247stiri.ro\/index.php\/wp-json\/wp\/v2\/posts\/25913","targetHints":{"allow":["GET"]}}],"collection":[{"href":"https:\/\/247stiri.ro\/index.php\/wp-json\/wp\/v2\/posts"}],"about":[{"href":"https:\/\/247stiri.ro\/index.php\/wp-json\/wp\/v2\/types\/post"}],"replies":[{"embeddable":true,"href":"https:\/\/247stiri.ro\/index.php\/wp-json\/wp\/v2\/comments?post=25913"}],"version-history":[{"count":0,"href":"https:\/\/247stiri.ro\/index.php\/wp-json\/wp\/v2\/posts\/25913\/revisions"}],"wp:featuredmedia":[{"embeddable":true,"href":"https:\/\/247stiri.ro\/index.php\/wp-json\/wp\/v2\/media\/25914"}],"wp:attachment":[{"href":"https:\/\/247stiri.ro\/index.php\/wp-json\/wp\/v2\/media?parent=25913"}],"wp:term":[{"taxonomy":"category","embeddable":true,"href":"https:\/\/247stiri.ro\/index.php\/wp-json\/wp\/v2\/categories?post=25913"},{"taxonomy":"post_tag","embeddable":true,"href":"https:\/\/247stiri.ro\/index.php\/wp-json\/wp\/v2\/tags?post=25913"}],"curies":[{"name":"wp","href":"https:\/\/api.w.org\/{rel}","templated":true}]}}