{"id":25915,"date":"2025-01-21T08:46:08","date_gmt":"2025-01-21T08:46:08","guid":{"rendered":"https:\/\/247stiri.ro\/index.php\/2025\/01\/21\/sedinta-pentru-excluderea-lui-ponta-din-psd-ciolacu-il-vrea-dus-dupa-tradarile-in-lant\/"},"modified":"2025-01-21T08:46:08","modified_gmt":"2025-01-21T08:46:08","slug":"sedinta-pentru-excluderea-lui-ponta-din-psd-ciolacu-il-vrea-dus-dupa-tradarile-in-lant","status":"publish","type":"post","link":"https:\/\/247stiri.ro\/index.php\/2025\/01\/21\/sedinta-pentru-excluderea-lui-ponta-din-psd-ciolacu-il-vrea-dus-dupa-tradarile-in-lant\/","title":{"rendered":"Sedin\u021b\u0103 pentru excluderea lui Ponta din PSD. Ciolacu \u00eel vrea dus dup\u0103 tr\u0103d\u0103rile \u00een lan\u021b"},"content":{"rendered":"<p>Liderii PSD se reunesc la ora 11:00, la Vila Lac, \u00eentr-o \u0219edin\u021ba a Consiliului Politic Na\u021bional., iar unul dintre subiecte ar putea fi cel legat de viitorul lui Victor Ponta \u00een PSD.<\/p>\n<p>De la \u0219edin\u021b\u0103 lipse\u0219te chiar cel vizat, pentru c\u0103 Victor Ponta este \u00eenc\u0103 \u00een Statele Unite, unde a participat la o serie de evenimente legate de \u00eenvestirea pre\u0219edintelui Donald Trump.<\/p>\n<p>Discu\u021biile privind o eventual\u0103 excludere a lu Ponta din PSD vin dup\u0103 ce acesta a anun\u021bat c\u0103 e preg\u0103tit s\u0103 candideze la pre\u0219edin\u021biei \u0219i a \u00eencercat s\u0103 se asocieze taberei suveraniste, iar liderul PSD Marcel Ciolacu l-a avertizat c\u0103 fie va trebui s\u0103 \u00ee\u0219i dea demisia, fie va fi dat afar\u0103 din partid.<\/p>\n<p>La scurt timp a venit \u0219i r\u0103spunsul lui Ponta, care a precizat c\u0103 Ciolacu are dreptate s\u0103 \u00eel exclud\u0103 din partid, pentru PSD are o obliga\u021bie fa\u021b\u0103 de Coali\u021bie s\u0103 sus\u021bin\u0103 un candidat comun. Marcel Ciolacu l-a mai avertizat pe Ponta \u0219i c\u0103 r\u0103m\u00e2ne f\u0103r\u0103 func\u021bia de consilier onorific al premierului, dup\u0103 ce a \u00eendemnat rom\u00e2nii s\u0103 \u00eei scrie lui Donald Trump despre anularea alegerilor din Rom\u00e2nia.<\/p>\n<p><a href=\"https:\/\/www.realitatea.net\/stiri\/politica\/victor-ponta-se-da-in-stamba-peste-ocean-la-masa-cu-agentul-dublu-implicat-in-afaceri-cu-arme-cine-ia-platit-cazarea-si-transportul-in-sua_678f52333e8f3b4d707be3fe#google_vignette\" target=\"_blank\">Ponta se d\u0103 \u00een stamb\u0103 peste Ocean: la mas\u0103 cu agentul dublu implicat \u00een afaceri cu arme. Cine i-a pl\u0103tit cazarea \u0219i transportul \u00een SUA?<\/a><\/p>","protected":false},"excerpt":{"rendered":"<p>Liderii PSD se reunesc la ora 11:00, la Vila Lac, \u00eentr-o \u0219edin\u021ba a Consiliului Politic&hellip;<\/p>\n","protected":false},"author":0,"featured_media":25906,"comment_status":"open","ping_status":"open","sticky":false,"template":"","format":"standard","meta":{"footnotes":""},"categories":[2],"tags":[],"class_list":["post-25915","post","type-post","status-publish","format-standard","has-post-thumbnail","hentry","category-actual"],"_links":{"self":[{"href":"https:\/\/247stiri.ro\/index.php\/wp-json\/wp\/v2\/posts\/25915","targetHints":{"allow":["GET"]}}],"collection":[{"href":"https:\/\/247stiri.ro\/index.php\/wp-json\/wp\/v2\/posts"}],"about":[{"href":"https:\/\/247stiri.ro\/index.php\/wp-json\/wp\/v2\/types\/post"}],"replies":[{"embeddable":true,"href":"https:\/\/247stiri.ro\/index.php\/wp-json\/wp\/v2\/comments?post=25915"}],"version-history":[{"count":0,"href":"https:\/\/247stiri.ro\/index.php\/wp-json\/wp\/v2\/posts\/25915\/revisions"}],"wp:featuredmedia":[{"embeddable":true,"href":"https:\/\/247stiri.ro\/index.php\/wp-json\/wp\/v2\/media\/25906"}],"wp:attachment":[{"href":"https:\/\/247stiri.ro\/index.php\/wp-json\/wp\/v2\/media?parent=25915"}],"wp:term":[{"taxonomy":"category","embeddable":true,"href":"https:\/\/247stiri.ro\/index.php\/wp-json\/wp\/v2\/categories?post=25915"},{"taxonomy":"post_tag","embeddable":true,"href":"https:\/\/247stiri.ro\/index.php\/wp-json\/wp\/v2\/tags?post=25915"}],"curies":[{"name":"wp","href":"https:\/\/api.w.org\/{rel}","templated":true}]}}