{"id":2593,"date":"2024-10-28T18:48:36","date_gmt":"2024-10-28T18:48:36","guid":{"rendered":"https:\/\/247stiri.ro\/index.php\/2024\/10\/28\/george-simion-presedintele-aur-planul-de-indatorare-pe-7-ani-pregatit-de-psd-si-pnl-povara-ascunsa-din-planul-fiscal-al-guvernarii-nicu-si-marcel\/"},"modified":"2024-10-28T18:48:36","modified_gmt":"2024-10-28T18:48:36","slug":"george-simion-presedintele-aur-planul-de-indatorare-pe-7-ani-pregatit-de-psd-si-pnl-povara-ascunsa-din-planul-fiscal-al-guvernarii-nicu-si-marcel","status":"publish","type":"post","link":"https:\/\/247stiri.ro\/index.php\/2024\/10\/28\/george-simion-presedintele-aur-planul-de-indatorare-pe-7-ani-pregatit-de-psd-si-pnl-povara-ascunsa-din-planul-fiscal-al-guvernarii-nicu-si-marcel\/","title":{"rendered":"George Simion, pre\u0219edintele AUR: Planul de \u00eendatorare pe 7 ani preg\u0103tit de PSD \u0219i PNL! Povara ascuns\u0103 din Planul Fiscal al guvern\u0103rii Nicu \u0219i Marcel"},"content":{"rendered":"<p>\u201eRom\u00e2nia este, din p\u0103cate, victima unei strategii de \u00eendatorare agresiv\u0103, coordonat\u0103 de guvernul PSD-PNL, f\u0103r\u0103 ca rom\u00e2nii s\u0103 fie informa\u021bi sau consulta\u021bi. \u0218i, toate astea, f\u0103r\u0103 ca cineva s\u0103 se \u00eengrijoreze, f\u0103r\u0103 ca presa din Rom\u00e2nia s\u0103 cear\u0103 explica\u021bii. Totul e redus la t\u0103cere.<\/p>\n<p>\u00cen ciuda promisiunilor de \u201estabilitate economic\u0103\u201d \u0219i \u201eprosperitate\u201d, planul fiscal cu care Rom\u00e2nia merge la Bruxelles pune pe umerii rom\u00e2nilor o povar\u0103 financiar\u0103 f\u0103r\u0103 precedent, cu o datorie public\u0103 \u021bintit\u0103 la 62% din PIB, un nivel nesustenabil pentru economia noastr\u0103. Efectele vor fi \u00eenghe\u021barea salariilor din 2025 \u0219i a pensiilor din 2026 \u2013 o perspectiv\u0103 sumbr\u0103 \u00eentr-o \u021bar\u0103 unde salariile sunt printre cele mai mici din Uniunea European\u0103.<\/p>\n<p>Pe fondul unei s\u0103r\u0103cii record \u0219i al salariilor reale stagnante, guvernul \u00ee\u0219i exprim\u0103, cu cinism, \u00eengrijorarea c\u0103 salariile rom\u00e2nilor ar cre\u0219te \u201eprea repede\u201d. \u00cen timp ce productivitatea scade de un an, guvernul decide c\u0103 solu\u021bia este sacrificarea cre\u0219terii economice, reduc\u00e2nd-o la jum\u0103tate fa\u021b\u0103 de deceniul precedent. Cre\u0219terea economic\u0103 este prev\u0103zut\u0103 a sc\u0103dea de la un ipotetic 2,8% din PIB \u00een 2024 la 2% din PIB \u00eencep\u00e2nd cu 2030.<\/p>\n<p>\u00cen fa\u021ba acestor decizii, r\u0103m\u00e2ne sarcina presei \u0219i a cet\u0103\u021benilor s\u0103 cear\u0103 guvernului explica\u021bii clare. De ce au convenit cu Bruxelles-ul s\u0103 majoreze taxele colectate pe munc\u0103 \u0219i venituri cu aproape 50%? Aceasta echivaleaz\u0103 cu o cre\u0219tere de 50% a impozitului pe salariile rom\u00e2nilor \u0219i pe dividende. Cu toate c\u0103 au m\u0103rit taxele \u0219i \u00een ultimii doi ani, cre\u0219terile promise nu se reflect\u0103 \u00een execu\u021bia bugetar\u0103 \u2013 o demonstra\u021bie a lipsei de impact real.<\/p>\n<p>Totodat\u0103, \u201ereforma fiscal\u0103\u201d prev\u0103zut\u0103 pentru anul urm\u0103tor pare mai degrab\u0103 un dictat al B\u0103ncii Mondiale \u0219i al institu\u021biilor financiare externe, \u0219i nu o reform\u0103 local\u0103 adaptat\u0103 nevoilor rom\u00e2nilor. Reforma fiscal\u0103 a PNRR, impozitarea micro\u00eentreprinderilor, sistemul de cheltuieli publice, salariul minim \u0219i pensiile vor fi reglementate \u00een interesul creditorilor, nu al rom\u00e2nilor.<\/p>\n<p>Concret, acest plan fiscal promovat de guvernul lui Marcel Ciolacu va \u00eensemna:<\/p>\n<p>Desfiin\u021barea regimului favorabil de impozitare pentru micro\u00eentreprinderi, afect\u00e2nd micii antreprenori;Cre\u0219teri de impozite pe proprietate \u0219i venituri;O taxare \u00eempov\u0103r\u0103toare asupra micilor afaceri \u0219i o sub\u021biere a clasei de mijloc, reduc\u00e2nd oportunit\u0103\u021bile \u0219i bun\u0103starea pentru cei mai mul\u021bi rom\u00e2ni.\u00cen acest context, PSD-PNL nu doar c\u0103 \u00eempov\u0103reaz\u0103 rom\u00e2nii cu o datorie pe care ace\u0219tia vor trebui s\u0103 o pl\u0103teasc\u0103, dar \u0219i pun \u00een pericol siguran\u021ba economic\u0103 a micilor afaceri \u0219i a clasei de mijloc.<\/p>\n<p>Este momentul ca rom\u00e2nii s\u0103 fie informa\u021bi cu onestitate \u0219i s\u0103 cear\u0103 r\u0103spunsuri clare de la cei care pretind c\u0103 ac\u021bioneaz\u0103 \u00een interesul lor.\u201d, a declarat George Simion, pre\u0219edintele AUR.<\/p>","protected":false},"excerpt":{"rendered":"<p>\u201eRom\u00e2nia este, din p\u0103cate, victima unei strategii de \u00eendatorare agresiv\u0103, coordonat\u0103 de guvernul PSD-PNL, f\u0103r\u0103&hellip;<\/p>\n","protected":false},"author":0,"featured_media":2594,"comment_status":"open","ping_status":"open","sticky":false,"template":"","format":"standard","meta":{"footnotes":""},"categories":[3],"tags":[],"class_list":["post-2593","post","type-post","status-publish","format-standard","has-post-thumbnail","hentry","category-politica"],"_links":{"self":[{"href":"https:\/\/247stiri.ro\/index.php\/wp-json\/wp\/v2\/posts\/2593","targetHints":{"allow":["GET"]}}],"collection":[{"href":"https:\/\/247stiri.ro\/index.php\/wp-json\/wp\/v2\/posts"}],"about":[{"href":"https:\/\/247stiri.ro\/index.php\/wp-json\/wp\/v2\/types\/post"}],"replies":[{"embeddable":true,"href":"https:\/\/247stiri.ro\/index.php\/wp-json\/wp\/v2\/comments?post=2593"}],"version-history":[{"count":0,"href":"https:\/\/247stiri.ro\/index.php\/wp-json\/wp\/v2\/posts\/2593\/revisions"}],"wp:featuredmedia":[{"embeddable":true,"href":"https:\/\/247stiri.ro\/index.php\/wp-json\/wp\/v2\/media\/2594"}],"wp:attachment":[{"href":"https:\/\/247stiri.ro\/index.php\/wp-json\/wp\/v2\/media?parent=2593"}],"wp:term":[{"taxonomy":"category","embeddable":true,"href":"https:\/\/247stiri.ro\/index.php\/wp-json\/wp\/v2\/categories?post=2593"},{"taxonomy":"post_tag","embeddable":true,"href":"https:\/\/247stiri.ro\/index.php\/wp-json\/wp\/v2\/tags?post=2593"}],"curies":[{"name":"wp","href":"https:\/\/api.w.org\/{rel}","templated":true}]}}