{"id":25930,"date":"2025-01-21T09:44:51","date_gmt":"2025-01-21T09:44:51","guid":{"rendered":"https:\/\/247stiri.ro\/index.php\/2025\/01\/21\/panica-intr-un-tren-din-romania-a-luat-foc-in-mers-calatorii-au-sarit-din-vagoane-sa-se-salveze-video\/"},"modified":"2025-01-21T09:44:51","modified_gmt":"2025-01-21T09:44:51","slug":"panica-intr-un-tren-din-romania-a-luat-foc-in-mers-calatorii-au-sarit-din-vagoane-sa-se-salveze-video","status":"publish","type":"post","link":"https:\/\/247stiri.ro\/index.php\/2025\/01\/21\/panica-intr-un-tren-din-romania-a-luat-foc-in-mers-calatorii-au-sarit-din-vagoane-sa-se-salveze-video\/","title":{"rendered":"Panic\u0103 \u00eentr-un tren din Rom\u00e2nia: a luat foc \u00een mers! C\u0103l\u0103torii au s\u0103rit din vagoane s\u0103 se salveze &#8211; VIDEO"},"content":{"rendered":"<p>Un incendiu a pornit \u00eentr-un compartiment al unui automotor, \u00een apropierea localit\u0103\u021bii Pecica, din jude\u021bul Arad. \u00cen tren se aflau 30 de pasageri, care s-au evacuat rapid. Ace\u0219tia au fost prelua\u021bi de un autovehicul pus la dispozi\u021bie de Prim\u0103ria local\u0103.<\/p>\n<p>\u201dIncendiu izbucnit la compartimentul motor al unui tren (automotor), \u00een apropierea localit\u0103\u0163ii Pecica. Trenul circula pe ruta Arad &#8211; N\u0103dlac. Intervin pompierii militari din cadrul Deta\u015famentului Arad cu o autospecial\u0103 de stingere \u015fi o ambulan\u0163\u0103 SMURD. La locul evenimentului ac\u0163ioneaz\u0103 \u015fi pompierii voluntari din cadrul SVSU Pecica\u201d, a transmis ISU Arad.<\/p>\n<p>Incendiul se manifesta cu degaj\u0103ri de fum la compartimentul motor.<\/p>\n<p>\u201dTo\u0163i cei 30 de c\u0103l\u0103tori s-au autoevacuat \u00een condi\u0163ii de siguran\u0163\u0103 \u015fi vor fi prelua\u0163i cu un mijloc de transport pus la dispozi\u0163ie de c\u0103tre prim\u0103ria din localitate\u201d, a transmis ISU Arad.Incendiul a fost stins, iar acum pompierii urmeaz\u0103 s\u0103 stabileasc\u0103 exact de la ce a pornit incendiul, \u00eens\u0103, cel mai probabil, este vorba de un scurtcircuit electric.\u00a0<\/p>","protected":false},"excerpt":{"rendered":"<p>Un incendiu a pornit \u00eentr-un compartiment al unui automotor, \u00een apropierea localit\u0103\u021bii Pecica, din jude\u021bul&hellip;<\/p>\n","protected":false},"author":0,"featured_media":25931,"comment_status":"open","ping_status":"open","sticky":false,"template":"","format":"standard","meta":{"footnotes":""},"categories":[2],"tags":[],"class_list":["post-25930","post","type-post","status-publish","format-standard","has-post-thumbnail","hentry","category-actual"],"_links":{"self":[{"href":"https:\/\/247stiri.ro\/index.php\/wp-json\/wp\/v2\/posts\/25930","targetHints":{"allow":["GET"]}}],"collection":[{"href":"https:\/\/247stiri.ro\/index.php\/wp-json\/wp\/v2\/posts"}],"about":[{"href":"https:\/\/247stiri.ro\/index.php\/wp-json\/wp\/v2\/types\/post"}],"replies":[{"embeddable":true,"href":"https:\/\/247stiri.ro\/index.php\/wp-json\/wp\/v2\/comments?post=25930"}],"version-history":[{"count":0,"href":"https:\/\/247stiri.ro\/index.php\/wp-json\/wp\/v2\/posts\/25930\/revisions"}],"wp:featuredmedia":[{"embeddable":true,"href":"https:\/\/247stiri.ro\/index.php\/wp-json\/wp\/v2\/media\/25931"}],"wp:attachment":[{"href":"https:\/\/247stiri.ro\/index.php\/wp-json\/wp\/v2\/media?parent=25930"}],"wp:term":[{"taxonomy":"category","embeddable":true,"href":"https:\/\/247stiri.ro\/index.php\/wp-json\/wp\/v2\/categories?post=25930"},{"taxonomy":"post_tag","embeddable":true,"href":"https:\/\/247stiri.ro\/index.php\/wp-json\/wp\/v2\/tags?post=25930"}],"curies":[{"name":"wp","href":"https:\/\/api.w.org\/{rel}","templated":true}]}}