{"id":25936,"date":"2025-01-21T09:44:52","date_gmt":"2025-01-21T09:44:52","guid":{"rendered":"https:\/\/247stiri.ro\/index.php\/2025\/01\/21\/iadul-s-a-dezlantuit-pe-sosea-dupa-ce-o-masina-a-luat-foc-in-mers-traficul-a-fost-paralizat\/"},"modified":"2025-01-21T09:44:52","modified_gmt":"2025-01-21T09:44:52","slug":"iadul-s-a-dezlantuit-pe-sosea-dupa-ce-o-masina-a-luat-foc-in-mers-traficul-a-fost-paralizat","status":"publish","type":"post","link":"https:\/\/247stiri.ro\/index.php\/2025\/01\/21\/iadul-s-a-dezlantuit-pe-sosea-dupa-ce-o-masina-a-luat-foc-in-mers-traficul-a-fost-paralizat\/","title":{"rendered":"Iadul s-a dezl\u0103n\u021buit pe so\u0219ea dup\u0103 ce o ma\u0219in\u0103 a luat foc \u00een mers. Traficul a fost paralizat"},"content":{"rendered":"<p>Ce spun autorit\u0103\u021bile<\/p>\n<p>Potrivit Centrului Infotrafic, fl\u0103c\u0103rile au cuprins vehiculul \u00een timp ce se deplasa, necesit\u00e2nd <a href=\"https:\/\/www.realitatea.net\/stiri\/actual\/incendiu-devastator-o-masina-a-fost-inghitita-de-flacari_677cfba78eeb6a5e0e4cdf78\" target=\"_blank\">interven\u021bia urgent\u0103 a pompierilor.<\/a> Pentru a facilita opera\u021biunile de stingere, circula\u021bia rutier\u0103 a fost restric\u021bionat\u0103 pe ambele sensuri de deplasare.<\/p>\n<p>Din fericire, nicio persoan\u0103 nu a fost r\u0103nit\u0103<a href=\"https:\/\/www.realitatea.net\/stiri\/actual\/iadul-pe-pamant-masina-mistuita-de-flacari-pe-dn-61_676680ff20100e1a022931e2\" target=\"_blank\"> \u00een urma incidentului,<\/a> fiind confirmat\u0103 absen\u021ba oric\u0103ror victime.<\/p>\n<p>Autorit\u0103\u021bile au transmis c\u0103 traficul urmeaz\u0103 s\u0103 fie reluat imediat ce situa\u021bia va fi complet remediat\u0103 \u0219i siguran\u021ba pe drum va fi restabilit\u0103. \u0218oferii care tranziteaz\u0103 zona sunt sf\u0103tui\u021bi s\u0103 respecte indica\u021biile poli\u021bi\u0219tilor \u0219i s\u0103 manifeste r\u0103bdare.<\/p>","protected":false},"excerpt":{"rendered":"<p>Ce spun autorit\u0103\u021bile Potrivit Centrului Infotrafic, fl\u0103c\u0103rile au cuprins vehiculul \u00een timp ce se deplasa,&hellip;<\/p>\n","protected":false},"author":0,"featured_media":25937,"comment_status":"open","ping_status":"open","sticky":false,"template":"","format":"standard","meta":{"footnotes":""},"categories":[2],"tags":[],"class_list":["post-25936","post","type-post","status-publish","format-standard","has-post-thumbnail","hentry","category-actual"],"_links":{"self":[{"href":"https:\/\/247stiri.ro\/index.php\/wp-json\/wp\/v2\/posts\/25936","targetHints":{"allow":["GET"]}}],"collection":[{"href":"https:\/\/247stiri.ro\/index.php\/wp-json\/wp\/v2\/posts"}],"about":[{"href":"https:\/\/247stiri.ro\/index.php\/wp-json\/wp\/v2\/types\/post"}],"replies":[{"embeddable":true,"href":"https:\/\/247stiri.ro\/index.php\/wp-json\/wp\/v2\/comments?post=25936"}],"version-history":[{"count":0,"href":"https:\/\/247stiri.ro\/index.php\/wp-json\/wp\/v2\/posts\/25936\/revisions"}],"wp:featuredmedia":[{"embeddable":true,"href":"https:\/\/247stiri.ro\/index.php\/wp-json\/wp\/v2\/media\/25937"}],"wp:attachment":[{"href":"https:\/\/247stiri.ro\/index.php\/wp-json\/wp\/v2\/media?parent=25936"}],"wp:term":[{"taxonomy":"category","embeddable":true,"href":"https:\/\/247stiri.ro\/index.php\/wp-json\/wp\/v2\/categories?post=25936"},{"taxonomy":"post_tag","embeddable":true,"href":"https:\/\/247stiri.ro\/index.php\/wp-json\/wp\/v2\/tags?post=25936"}],"curies":[{"name":"wp","href":"https:\/\/api.w.org\/{rel}","templated":true}]}}