{"id":25951,"date":"2025-01-21T10:45:16","date_gmt":"2025-01-21T10:45:16","guid":{"rendered":"https:\/\/247stiri.ro\/index.php\/2025\/01\/21\/ana-birchall-il-torpileaza-pe-imparatul-iohannis-milioane-de-euro-aruncati-pentru-renovarea-unei-vile-o-mare-nesimtire-video\/"},"modified":"2025-01-21T10:45:16","modified_gmt":"2025-01-21T10:45:16","slug":"ana-birchall-il-torpileaza-pe-imparatul-iohannis-milioane-de-euro-aruncati-pentru-renovarea-unei-vile-o-mare-nesimtire-video","status":"publish","type":"post","link":"https:\/\/247stiri.ro\/index.php\/2025\/01\/21\/ana-birchall-il-torpileaza-pe-imparatul-iohannis-milioane-de-euro-aruncati-pentru-renovarea-unei-vile-o-mare-nesimtire-video\/","title":{"rendered":"Ana Birchall \u00eel torpileaz\u0103 pe &#8222;\u00eemp\u0103ratul&#8221; Iohannis. &#8222;Milioane de euro arunca\u021bi pentru renovarea unei vile, o mare nesim\u021bire!&#8221; &#8211; VIDEO"},"content":{"rendered":"<p>&#8222;Dac\u0103 este suspendat \u0219i demis prin referendum. dl. Iohannis pierde toate privilegiile pe care \u0219tim c\u0103 le pre\u021buie\u0219te at\u00e2t de mult. Cu alte cuvinte, adio vila de protocol \u00een care s\u0103 locuiasc\u0103 toat\u0103 via\u021ba, deci adio vila din Aviatorilor! \u0218ti\u021bi despre care zic, aia renovat\u0103 cu 6 milioane de euro&#8221;, a explicat fostul ministrul al Justi\u021biei.<\/p>\n<p>Ana Birchall a remarcat \u0219i ironia situa\u021biei, pentru c\u0103 dac\u0103 s-ar fi retras din func\u021bie la final de mandat, Klaus Iohannis ar fi beneficiat de privilegiile acordate prin lege oric\u0103rui fost \u0219ef al statului.<\/p>\n<p><a title=\"@ana.birchall.official\" href=\"https:\/\/www.tiktok.com\/@ana.birchall.official?refer=embed\" target=\"_blank\">@ana.birchall.official<\/a> Dac\u0103 este suspendat \u0219i demis prin referendum, Iohannis pierde toate privilegiile. <a title=\"anabirchall\" href=\"https:\/\/www.tiktok.com\/tag\/anabirchall?refer=embed\" target=\"_blank\">#anabirchall<\/a> <a title=\"romania\" href=\"https:\/\/www.tiktok.com\/tag\/romania?refer=embed\" target=\"_blank\">#romania<\/a> <a title=\"nefacembine\" href=\"https:\/\/www.tiktok.com\/tag\/nefacembine?refer=embed\" target=\"_blank\">#nefacembine<\/a> <a title=\"fyp\" href=\"https:\/\/www.tiktok.com\/tag\/fyp?refer=embed\" target=\"_blank\">#fyp<\/a> <a title=\"anabirchallpresedinte\" href=\"https:\/\/www.tiktok.com\/tag\/anabirchallpresedinte?refer=embed\" target=\"_blank\">#anabirchallpresedinte<\/a> <a title=\"alegeriprezidentiale\" href=\"https:\/\/www.tiktok.com\/tag\/alegeriprezidentiale?refer=embed\" target=\"_blank\">#alegeriprezidentiale<\/a> <a title=\"\u266c original sound - Ana Birchall\" href=\"https:\/\/www.tiktok.com\/music\/original-sound-7462106898922507031?refer=embed\" target=\"_blank\">\u266c original sound &#8211; Ana Birchall<\/a><\/p>\n<p>\u00a0<\/p>","protected":false},"excerpt":{"rendered":"<p>&#8222;Dac\u0103 este suspendat \u0219i demis prin referendum. dl. Iohannis pierde toate privilegiile pe care \u0219tim&hellip;<\/p>\n","protected":false},"author":0,"featured_media":25947,"comment_status":"open","ping_status":"open","sticky":false,"template":"","format":"standard","meta":{"footnotes":""},"categories":[2],"tags":[],"class_list":["post-25951","post","type-post","status-publish","format-standard","has-post-thumbnail","hentry","category-actual"],"_links":{"self":[{"href":"https:\/\/247stiri.ro\/index.php\/wp-json\/wp\/v2\/posts\/25951","targetHints":{"allow":["GET"]}}],"collection":[{"href":"https:\/\/247stiri.ro\/index.php\/wp-json\/wp\/v2\/posts"}],"about":[{"href":"https:\/\/247stiri.ro\/index.php\/wp-json\/wp\/v2\/types\/post"}],"replies":[{"embeddable":true,"href":"https:\/\/247stiri.ro\/index.php\/wp-json\/wp\/v2\/comments?post=25951"}],"version-history":[{"count":0,"href":"https:\/\/247stiri.ro\/index.php\/wp-json\/wp\/v2\/posts\/25951\/revisions"}],"wp:featuredmedia":[{"embeddable":true,"href":"https:\/\/247stiri.ro\/index.php\/wp-json\/wp\/v2\/media\/25947"}],"wp:attachment":[{"href":"https:\/\/247stiri.ro\/index.php\/wp-json\/wp\/v2\/media?parent=25951"}],"wp:term":[{"taxonomy":"category","embeddable":true,"href":"https:\/\/247stiri.ro\/index.php\/wp-json\/wp\/v2\/categories?post=25951"},{"taxonomy":"post_tag","embeddable":true,"href":"https:\/\/247stiri.ro\/index.php\/wp-json\/wp\/v2\/tags?post=25951"}],"curies":[{"name":"wp","href":"https:\/\/api.w.org\/{rel}","templated":true}]}}