{"id":25966,"date":"2025-01-21T11:46:50","date_gmt":"2025-01-21T11:46:50","guid":{"rendered":"https:\/\/247stiri.ro\/index.php\/2025\/01\/21\/aur-a-sesizat-avocatul-poporului-cu-privire-la-modificarile-aduse-legislatiei-electorale\/"},"modified":"2025-01-21T11:46:50","modified_gmt":"2025-01-21T11:46:50","slug":"aur-a-sesizat-avocatul-poporului-cu-privire-la-modificarile-aduse-legislatiei-electorale","status":"publish","type":"post","link":"https:\/\/247stiri.ro\/index.php\/2025\/01\/21\/aur-a-sesizat-avocatul-poporului-cu-privire-la-modificarile-aduse-legislatiei-electorale\/","title":{"rendered":"AUR a sesizat Avocatul Poporului cu privire la modific\u0103rile aduse legisla\u021biei electorale"},"content":{"rendered":"<p>Printr-o \u00eencercare disperat\u0103 de a r\u0103m\u00e2ne la putere, acela\u0219i sistem corupt vine cu o nou\u0103 lovitur\u0103 pentru popor, limit\u00e2nd timpul de vot pentru rom\u00e2nii din Diaspora, o m\u0103sur\u0103 discriminatorie, care va \u00eengreuna \u0219i mai mult exercitarea dreptului de vot al rom\u00e2nilor care tr\u0103iesc \u00een str\u0103in\u0103tate \u0219i care, la alegerile trecute, s-au exprimat clar \u00eempotriva candida\u021bilor sistemului, sus\u021bine AUR, \u00eentr-un comunicat.<\/p>\n<p>&#8222;Nu este singura modificare aberant\u0103 luat\u0103 de Guvernul condus de Marcel Ciolacu. Se \u00eencearc\u0103 o cenzur\u0103 \u00een mediul online, prin sanc\u021bionarea platformelor de socializare. Politrucii afla\u021bi la putere nu au spus nici m\u0103car cum va fi posibil\u0103 aplicarea acestei m\u0103suri, av\u00e2nd \u00een vedere c\u0103 unele platforme de socializare nu au sediul \u00een Rom\u00e2nia, ceea ce ne face s\u0103 credem c\u0103 m\u0103sura a fost anun\u021bat\u0103 doar pentru intimidarea rom\u00e2nilor care \u00ee\u0219i iau informa\u021bii din mediul online, f\u0103r\u0103 s\u0103 mai fie manipula\u021bi de televiziunile de cas\u0103 ale partidelor sistemului.<\/p>\n<p>\u00cen aceste condi\u021bii, solicit\u0103m ferm Avocatului Poporului s\u0103 \u00ee\u0219i \u00eendeplineasc\u0103 rolul s\u0103u constitu\u021bional de ap\u0103r\u0103tor al drepturilor \u0219i libert\u0103\u021bilor fundamentale ale cet\u0103\u021benilor \u0219i s\u0103 sesizeze Curtea Constitu\u021bional\u0103 cu privire la noile modific\u0103ri aduse legisla\u021biei electorale&#8221;, mai spun reprezentan\u021bii AUR.<\/p>\n<p>\u00cen \u00eencheiere, AUR cere Avocatului Poporului &#8222;s\u0103 nu mai serveasc\u0103 interesele sistemului \u0219i s\u0103 se aplece asupra nevoilor reale ale cet\u0103\u021benilor rom\u00e2ni, \u00een contextul \u00een care m\u0103surile incluse \u00een ordonan\u021b\u0103 sunt dispropor\u021bionate \u0219i contravin principiilor fundamentale ale statului de drept, inclusiv dreptul de vot liber&#8221;.<\/p>","protected":false},"excerpt":{"rendered":"<p>Printr-o \u00eencercare disperat\u0103 de a r\u0103m\u00e2ne la putere, acela\u0219i sistem corupt vine cu o nou\u0103&hellip;<\/p>\n","protected":false},"author":0,"featured_media":25967,"comment_status":"open","ping_status":"open","sticky":false,"template":"","format":"standard","meta":{"footnotes":""},"categories":[3],"tags":[],"class_list":["post-25966","post","type-post","status-publish","format-standard","has-post-thumbnail","hentry","category-politica"],"_links":{"self":[{"href":"https:\/\/247stiri.ro\/index.php\/wp-json\/wp\/v2\/posts\/25966","targetHints":{"allow":["GET"]}}],"collection":[{"href":"https:\/\/247stiri.ro\/index.php\/wp-json\/wp\/v2\/posts"}],"about":[{"href":"https:\/\/247stiri.ro\/index.php\/wp-json\/wp\/v2\/types\/post"}],"replies":[{"embeddable":true,"href":"https:\/\/247stiri.ro\/index.php\/wp-json\/wp\/v2\/comments?post=25966"}],"version-history":[{"count":0,"href":"https:\/\/247stiri.ro\/index.php\/wp-json\/wp\/v2\/posts\/25966\/revisions"}],"wp:featuredmedia":[{"embeddable":true,"href":"https:\/\/247stiri.ro\/index.php\/wp-json\/wp\/v2\/media\/25967"}],"wp:attachment":[{"href":"https:\/\/247stiri.ro\/index.php\/wp-json\/wp\/v2\/media?parent=25966"}],"wp:term":[{"taxonomy":"category","embeddable":true,"href":"https:\/\/247stiri.ro\/index.php\/wp-json\/wp\/v2\/categories?post=25966"},{"taxonomy":"post_tag","embeddable":true,"href":"https:\/\/247stiri.ro\/index.php\/wp-json\/wp\/v2\/tags?post=25966"}],"curies":[{"name":"wp","href":"https:\/\/api.w.org\/{rel}","templated":true}]}}