{"id":25968,"date":"2025-01-21T11:46:50","date_gmt":"2025-01-21T11:46:50","guid":{"rendered":"https:\/\/247stiri.ro\/index.php\/2025\/01\/21\/gheorghe-flutur-a-demisionat-de-la-sefia-pnl-suceava-dupa-aproape-un-sfert-de-veac-in-fruntea-organizatiei\/"},"modified":"2025-01-21T11:46:50","modified_gmt":"2025-01-21T11:46:50","slug":"gheorghe-flutur-a-demisionat-de-la-sefia-pnl-suceava-dupa-aproape-un-sfert-de-veac-in-fruntea-organizatiei","status":"publish","type":"post","link":"https:\/\/247stiri.ro\/index.php\/2025\/01\/21\/gheorghe-flutur-a-demisionat-de-la-sefia-pnl-suceava-dupa-aproape-un-sfert-de-veac-in-fruntea-organizatiei\/","title":{"rendered":"Gheorghe Flutur a demisionat de la \u0219efia PNL Suceava, dup\u0103 aproape un sfert de veac \u00een fruntea organiza\u0163iei"},"content":{"rendered":"<p>\u201eSubsemnatul Gheorghe Flutur doresc s\u0103 informez opinia public\u0103 c\u0103, ast\u0103zi, 21 ianuarie 2025, mi-am \u00eenaintat demisia din func\u0163ia de pre\u015fedinte al Organiza\u0163iei Jude\u0163ene a PNL Suceava, demisie trimis\u0103 conducerii centrale a partidului. Reamintesc faptul c\u0103, imediat dup\u0103 alegerile locale din 2024, am avut inten\u0163ia de a demisiona din aceast\u0103 func\u0163ie deoarece pierdusem alegerile pentru Consiliul Jude\u0163ean Suceava, de\u015fi ob\u0163inusem un scor de peste 40%, care \u00eens\u0103 nu a fost suficient. La acel moment, primarii PNL \u015fi foarte mul\u0163i membri ai partidului m-au rugat s\u0103 r\u0103m\u00e2n, av\u00e2nd \u00een vedere c\u0103 urma un an electoral. Am acceptat s\u0103 r\u0103m\u00e2n \u00een func\u0163ie. Acum, la \u00eenceputul acestui an, am realizat un bilan\u0163 al carierei mele politice. Am fost, timp de aproape 24 de ani, pre\u015fedinte al organiza\u0163iei liberale Suceava. \u00cempreun\u0103 cu membrii liberali, am avut multe realiz\u0103ri \u015fi am l\u0103sat o amprent\u0103 pozitiv\u0103 \u00een administra\u0163ia liberal\u0103 sucevean\u0103. Totu\u015fi, toate au un \u00eenceput \u015fi un sf\u00e2r\u015fit. Mul\u0163umesc tuturor membrilor liberali pentru spiritul de echip\u0103, prietenie \u015fi colaborare\u201d, a afirmat Gheorghe Flutur.<\/p>\n<p>Liberalii suceveni urmeaz\u0103 s\u0103 ia o decizie privind \u015fefia interimar\u0103 a filialei PNL Suceava.<\/p>\n<p>Prim-vicepre\u015fedintele PNL Suceava, deputatul Ioan Balan, a declarat, luni, c\u0103 liderul filialei sucevene a PNL, senatorul Gheorghe Flutur, ar trebui s\u0103 plece de la conducerea organiza\u0163iei, preciz\u00e2nd c\u0103 rolul lui Flutur \u00een fruntea acestui partid a devenit \u201dtoxic\u201d \u015fi c\u0103 este nevoie de o schimbare.<\/p>\n<p>Ioan Balan a declarat luni, \u00eentr-o interven\u0163ie la postul de radio Top Suceava, c\u0103 Flutur ar trebui s\u0103 fac\u0103 un pas \u00een spate \u015fi s\u0103 renun\u0163e la \u015fefia conducerii filialei jude\u0163ene PNL Suceava.<\/p>\n<p>\u201dRolul s\u0103u \u00een fruntea acestui partid a devenit toxic. Prin prisma faptului c\u0103 sunt principalul depozitar al cuno\u015ftin\u0163elor parcursului politico-administrativ al lui Gheorghe Flutur, \u015fi din aceast\u0103 postur\u0103 cred c\u0103 am for\u0163a necesar\u0103 de a-l face s\u0103 lase PNL s\u0103 mearg\u0103 pe drumul lui mai departe\u201d, a afirmat Balan.<\/p>\n<p>\u00a0<\/p>","protected":false},"excerpt":{"rendered":"<p>\u201eSubsemnatul Gheorghe Flutur doresc s\u0103 informez opinia public\u0103 c\u0103, ast\u0103zi, 21 ianuarie 2025, mi-am \u00eenaintat&hellip;<\/p>\n","protected":false},"author":0,"featured_media":25969,"comment_status":"open","ping_status":"open","sticky":false,"template":"","format":"standard","meta":{"footnotes":""},"categories":[3],"tags":[],"class_list":["post-25968","post","type-post","status-publish","format-standard","has-post-thumbnail","hentry","category-politica"],"_links":{"self":[{"href":"https:\/\/247stiri.ro\/index.php\/wp-json\/wp\/v2\/posts\/25968","targetHints":{"allow":["GET"]}}],"collection":[{"href":"https:\/\/247stiri.ro\/index.php\/wp-json\/wp\/v2\/posts"}],"about":[{"href":"https:\/\/247stiri.ro\/index.php\/wp-json\/wp\/v2\/types\/post"}],"replies":[{"embeddable":true,"href":"https:\/\/247stiri.ro\/index.php\/wp-json\/wp\/v2\/comments?post=25968"}],"version-history":[{"count":0,"href":"https:\/\/247stiri.ro\/index.php\/wp-json\/wp\/v2\/posts\/25968\/revisions"}],"wp:featuredmedia":[{"embeddable":true,"href":"https:\/\/247stiri.ro\/index.php\/wp-json\/wp\/v2\/media\/25969"}],"wp:attachment":[{"href":"https:\/\/247stiri.ro\/index.php\/wp-json\/wp\/v2\/media?parent=25968"}],"wp:term":[{"taxonomy":"category","embeddable":true,"href":"https:\/\/247stiri.ro\/index.php\/wp-json\/wp\/v2\/categories?post=25968"},{"taxonomy":"post_tag","embeddable":true,"href":"https:\/\/247stiri.ro\/index.php\/wp-json\/wp\/v2\/tags?post=25968"}],"curies":[{"name":"wp","href":"https:\/\/api.w.org\/{rel}","templated":true}]}}