{"id":25976,"date":"2025-01-21T11:46:53","date_gmt":"2025-01-21T11:46:53","guid":{"rendered":"https:\/\/247stiri.ro\/index.php\/2025\/01\/21\/grav-accident-rutier-in-apropiere-de-bucuresti-3-masini-implicate-in-coliziune-sunt-mai-multe-victime\/"},"modified":"2025-01-21T11:46:53","modified_gmt":"2025-01-21T11:46:53","slug":"grav-accident-rutier-in-apropiere-de-bucuresti-3-masini-implicate-in-coliziune-sunt-mai-multe-victime","status":"publish","type":"post","link":"https:\/\/247stiri.ro\/index.php\/2025\/01\/21\/grav-accident-rutier-in-apropiere-de-bucuresti-3-masini-implicate-in-coliziune-sunt-mai-multe-victime\/","title":{"rendered":"Grav accident rutier \u00een apropiere de Bucure\u0219ti. 3 ma\u0219ini implicate \u00een coliziune: sunt mai multe victime"},"content":{"rendered":"<p>Detalii despre incident<\/p>\n<p><a href=\"https:\/\/www.realitatea.net\/stiri\/actual\/accident-mortal-in-giurgiu-o-femeie-sia-pierdut-viata-in-aceasta-dimineata_678f4c618b4be20dab5a5f52\" target=\"_blank\">La locul accidentului<\/a> au intervenit prompt pompierii din cadrul Sec\u021biei Mih\u0103ile\u0219ti, echipa\u021bi cu o autospecial\u0103 de stingere dotat\u0103 cu modul de descarcerare, precum \u0219i trei ambulan\u021be ale Serviciului de Ambulan\u021b\u0103 Jude\u021bean (SAJ). Unul dintre vehicule a fost descoperit r\u0103sturnat pe o parte, \u00een afara p\u0103r\u021bii carosabile.<\/p>\n<p>Dou\u0103 persoane, un b\u0103rbat \u00een v\u00e2rst\u0103 de 28 de ani \u0219i un altul de 47 de ani, au suferit r\u0103ni care au necesitat transportul de urgen\u021b\u0103 la spitale din Bucure\u0219ti. Echipajele medicale le-au acordat primul ajutor la fa\u021ba locului, iar pompierii au luat m\u0103suri pentru prevenirea incendiilor, av\u00e2nd \u00een vedere riscul prezentat de vehiculele avariate.<\/p>\n<p>Poli\u021bi\u0219tii au deschis un dosar penal pentru v\u0103t\u0103mare corporal\u0103 din culp\u0103, iar cercet\u0103rile continu\u0103 pentru a stabili <a href=\"https:\/\/www.realitatea.net\/stiri\/actual\/accident-pe-soseaua-colentina-din-capitala-doi-pasageri-de-13-si-16-ani-au-fost-raniti_678ec54907662574a35ca012\" target=\"_blank\">circumstan\u021bele exacte ale producerii accidentului.<\/a><\/p>\n\n<p>\u00a0 \u00a0 \u00a0 \u00a0 \u00a0 Accident rutier \u00een aceast\u0103 diminea\u021b\u0103 \/ Sursa foto &#8211; ISU<\/p>","protected":false},"excerpt":{"rendered":"<p>Detalii despre incident La locul accidentului au intervenit prompt pompierii din cadrul Sec\u021biei Mih\u0103ile\u0219ti, echipa\u021bi&hellip;<\/p>\n","protected":false},"author":0,"featured_media":25977,"comment_status":"open","ping_status":"open","sticky":false,"template":"","format":"standard","meta":{"footnotes":""},"categories":[2],"tags":[],"class_list":["post-25976","post","type-post","status-publish","format-standard","has-post-thumbnail","hentry","category-actual"],"_links":{"self":[{"href":"https:\/\/247stiri.ro\/index.php\/wp-json\/wp\/v2\/posts\/25976","targetHints":{"allow":["GET"]}}],"collection":[{"href":"https:\/\/247stiri.ro\/index.php\/wp-json\/wp\/v2\/posts"}],"about":[{"href":"https:\/\/247stiri.ro\/index.php\/wp-json\/wp\/v2\/types\/post"}],"replies":[{"embeddable":true,"href":"https:\/\/247stiri.ro\/index.php\/wp-json\/wp\/v2\/comments?post=25976"}],"version-history":[{"count":0,"href":"https:\/\/247stiri.ro\/index.php\/wp-json\/wp\/v2\/posts\/25976\/revisions"}],"wp:featuredmedia":[{"embeddable":true,"href":"https:\/\/247stiri.ro\/index.php\/wp-json\/wp\/v2\/media\/25977"}],"wp:attachment":[{"href":"https:\/\/247stiri.ro\/index.php\/wp-json\/wp\/v2\/media?parent=25976"}],"wp:term":[{"taxonomy":"category","embeddable":true,"href":"https:\/\/247stiri.ro\/index.php\/wp-json\/wp\/v2\/categories?post=25976"},{"taxonomy":"post_tag","embeddable":true,"href":"https:\/\/247stiri.ro\/index.php\/wp-json\/wp\/v2\/tags?post=25976"}],"curies":[{"name":"wp","href":"https:\/\/api.w.org\/{rel}","templated":true}]}}