{"id":2601,"date":"2024-10-28T18:48:38","date_gmt":"2024-10-28T18:48:38","guid":{"rendered":"https:\/\/247stiri.ro\/index.php\/2024\/10\/28\/comisia-juridica-a-decis-vot-in-aceleasi-sectii-de-votare-la-referendum-si-la-alegeri-plenul-camerei-deputatilor-decisiv\/"},"modified":"2024-10-28T18:48:38","modified_gmt":"2024-10-28T18:48:38","slug":"comisia-juridica-a-decis-vot-in-aceleasi-sectii-de-votare-la-referendum-si-la-alegeri-plenul-camerei-deputatilor-decisiv","status":"publish","type":"post","link":"https:\/\/247stiri.ro\/index.php\/2024\/10\/28\/comisia-juridica-a-decis-vot-in-aceleasi-sectii-de-votare-la-referendum-si-la-alegeri-plenul-camerei-deputatilor-decisiv\/","title":{"rendered":"Comisia juridic\u0103 a decis: Vot \u00een acelea\u015fi sec\u0163ii de votare la referendum \u015fi la alegeri. Plenul Camerei Deputa\u0163ilor, decisiv"},"content":{"rendered":"<p>Raportul va intra \u00een plenul Camerei Deputa\u0163ilor mar\u0163i, urm\u00e2nd ca p\u00e2n\u0103 atunci mai multe amendamente de tehnic\u0103 legislativ\u0103 s\u0103 fie puse \u00een acord la Comisia juridic\u0103.La \u015fedin\u0163\u0103 a fost prezent primarul general al Capitalei, Nicu\u015for Dan. Comisia de administra\u0163ie a fost sesizat\u0103 cu raport comun, \u00eempreun\u0103 cu Comisia juridic\u0103, Camera Deputa\u0163ilor fiind for decizional.Pre\u015fedintele Comisiei de administra\u0163ie, deputatul Marius Bud\u0103i, a precizat c\u0103 a fost solicitat\u0103 procedur\u0103 de urgen\u0163\u0103, proiectul de act normativ fiind adoptat de Senat. El a ad\u0103ugat c\u0103 Guvernul sus\u0163ine adoptarea proiectului de lege.Potrivit unui amendament al Comisiei juridice, dintr-un raport preliminar, adoptat luni de Comisia pentru administra\u0163ie, &#8222;\u00een situa\u0163ia \u00een care referendumul na\u0163ional sau local are loc la aceea\u015fi dat\u0103 cu alegerile pentru Senat \u015fi Camera Deputa\u0163ilor, alegerile pentru Pre\u015fedintele Rom\u00e2niei, alegerile pentru membrii din Rom\u00e2nia \u00een Parlamentul European sau alegerile pentru autorit\u0103\u0163ile administra\u0163iei publice locale, dup\u0103 caz, aleg\u0103torii voteaz\u0103 \u00een acelea\u015fi sec\u0163ii de votare, \u00een acela\u015fi interval de timp, cu acelea\u015fi \u015ftampile cu men\u0163iunea \u0164VOTAT\u0165, pe buletine de vot separate, prezen\u0163a la vot fiind consemnat\u0103 pe liste electorale distincte pentru cele dou\u0103 tipuri de scrutin&#8221;.Astfel, s-a urm\u0103rit crearea mecanismului pentru ca \u00een acela\u015fi timp \u00een care au loc fie alegeri parlamentare, fie alegeri preziden\u0163iale s\u0103 se poat\u0103 desf\u0103\u015fura nu numai un referendum na\u0163ional, ci \u015fi unul local.<\/p>\n<p>Liderul AUR, George Simion, a sus\u0163inut c\u0103 nu \u00een\u0163elege exact pozi\u0163ia de pe care vine primarul Nicu\u015for Dan, care a promis c\u0103 va discuta, va dialoga cu to\u0163i candida\u0163ii la alegerile preziden\u0163iale &#8222;cu \u015fanse&#8221;. &#8222;Pledeaz\u0103 pentru ni\u015fte chestiuni care, din punctul nostru de vedere, sunt rezonabile, dar nu suntem convin\u015fi \u015fi nu ne d\u0103m seama dac\u0103 nu este folosit \u015fi acest referendum ca o modalitate de a induce votul pentru o forma\u0163iune sau alta&#8221;, a spus Simion.<\/p>\n<p>Primarul general a mul\u0163umit deputa\u0163ilor pentru urgen\u0163a cu care dezbat acest proiect de lege \u015fi a adresat comisiei dou\u0103 \u00eentreb\u0103ri.<\/p>\n<p>&#8222;Dac\u0103 pe amendamentele care au trecut de Comisia juridic\u0103, s\u0103pt\u0103m\u00e2na trecut\u0103, \u00een\u0163elegem cu to\u0163ii c\u0103 birourile de sec\u0163ii preiau \u015fi buletinele, preiau toat\u0103 organizarea de la referendumul nostru \u015fi c\u0103 oficiile de sector centralizeaz\u0103 din sec\u0163ii. Asta e prima \u00eentrebare, a\u015f vrea s\u0103 fim l\u0103muri\u0163i c\u0103 a\u015fa se va \u00eent\u00e2mpla. \u015ei a doua \u00eentrebare: dac\u0103 suntem cu to\u0163ii de acord c\u0103 mai departe este rolul Biroului Electoral Central s\u0103 \u0163in\u0103 loc de un Birou Electoral de Municipiu \u015fi \u00een felul \u0103sta s\u0103 elimin\u0103m un birou electoral de municipiu sau consider\u0103m c\u0103 tribunalul trebuie, special pentru referendum, s\u0103 numeasc\u0103 un birou electoral de municipiu? Eu cred c\u0103 astea sunt cele dou\u0103 chestiuni de principiu care trebuie l\u0103murite&#8221;, a punctat edilul.<\/p>\n<p>Vicepre\u015fedintele AEP, Zsombor Vajda, a precizat, \u00eentr-o interven\u0163ie online, c\u0103 \u00een varianta ini\u0163ial\u0103 a proiectului de lege \u00een discu\u0163ie a fost un unic subiect &#8211; reglementarea, aprobarea OUG mai sus men\u0163ionat\u0103, proiectul de lege a fost \u00eenregistrat la Senat pentru dezbateri, fiind adoptat \u00een data de 11 iunie 2019.<\/p>\n<p>&#8222;Preciz\u0103m c\u0103 institu\u0163ia noastr\u0103 nu are observa\u0163ii privind varianta ini\u0163iatorului, a guvernului la momentul respectiv. \u00cens\u0103, prin amendamentele propuse \u015fi aprobate la nivelul Camerei Decizionale, \u00een data de 22.10.2024, se modific\u0103 con\u0163inutul articolului 1 din OUG nr. 29 pe 2019. (&#8230;) Astfel, amendamentele au ca obiect \u015fi reglementarea posibilit\u0103\u0163ii organiz\u0103rii referendumului local la aceea\u015fi dat\u0103 cu alegerile mai sus men\u0163ionate. Aceast\u0103 completare aduce \u00een discu\u0163ie dou\u0103 aspecte principale. Primul se refer\u0103 la eventualitatea adopt\u0103rii de c\u0103tre Camera Deputa\u0163ilor a unei forme diferite de ce a adoptat\u0103 de Senat. Un astfel de demers ar putea reprezenta, \u00een func\u0163ie de modific\u0103ri \u015fi complet\u0103rile pe care Camera Decizional\u0103 le aduce proiectului de lege adoptat \u00een prima camer\u0103, o \u00eenc\u0103lcare a principiului bicameralismului. (&#8230;) Un aspect principal const\u0103 \u00een imposibilitatea de a pune \u00een aplicare prevederile referitoare la organizarea referendumului local \u00een absen\u0163a unei modific\u0103ri mai ample a legisla\u0163iei electorale la nivel primar. Dintre impedimente legale existente men\u0163ion\u0103m: imposibilitatea utiliz\u0103rii unei infrastructuri pentru desf\u0103\u015furarea referendumului local distinct de cea utilizat\u0103 pentru alegerile ce s-ar desf\u0103\u015fura la aceea\u015fi dat\u0103&#8221;, a sus\u0163inut \u00eentre altele vicepre\u015fedintele AEP.<\/p>\n<p>Potrivit acestuia, &#8222;imposibilitatea de a \u00eenfiin\u0163a un BEM face imposibil\u0103 \u015fi desf\u0103\u015furarea unui referendum \u00een condi\u0163ii de legalitate&#8221;. &#8222;Din punctul nostru de vedere, ar trebui s\u0103 existe o OUG sau un alt act normativ care s\u0103 reglementeze aceste alegeri&#8221;, a ad\u0103ugat reprezentantul AEP.<\/p>\n<p>\u00cen replic\u0103, liderul deputa\u0163ilor PNL, Gabriel Andronache, a afirmat c\u0103 orice text adoptat de Parlament, \u00een Camer\u0103 decizional\u0103, opereaz\u0103 sub prezum\u0163ia de constitu\u0163ionalitate.<\/p>\n<p>&#8222;\u00cei reamintesc distinsului domn vicepre\u015fedinte faptul c\u0103 orice text adoptat de Parlament, \u00een Camer\u0103 decizional\u0103, opereaz\u0103 sub prezum\u0163ia de constitu\u0163ionalitate, p\u00e2n\u0103 la proba contrarie. Prin urmare, adoptarea textului \u00een Camera decizional\u0103, de c\u0103tre Camera Deputa\u0163ilor, \u00een opinia noastr\u0103, a ini\u0163iatorilor amendamentului, se \u00eencadreaz\u0103 \u00een prevederile referitoare la bicameralism, deoarece se refer\u0103 tot la modificarea aceluia\u015fi act normativ, respectiv modific\u0103ri care au intervenit \u00een Legea Referendumului. Mai departe, nu exist\u0103 nici o contradic\u0163ie \u00eentre amendamentele propuse pentru a fi adoptate de c\u0103tre comisiile raportoare \u015fi articolul 28, pentru c\u0103 sunt situa\u0163ii diferite. Ceea ce propunem noi se refer\u0103 la organizarea, pe cale de excep\u0163ie, a referendumului na\u0163ional \u015fi local \u00een acela\u015fi timp cu alegerile preziden\u0163iale, parlamentare, europarlamentare \u015fi articolul 28 care se refer\u0103 la organizarea pe cale normal\u0103 a unui referendum local. Deci nu exist\u0103 o contradic\u0163ie \u00een privin\u0163a aceasta, exist\u0103 doar o excep\u0163ie de la acea regul\u0103 pe care o instituim prin aceste amendamente&#8221;, a spus Andronache.<\/p>\n<p>Liderul deputa\u0163ilor PNL, Gabriel Andronache, a declarat, luni, c\u0103 proiectul privind organizarea referendumului local \u00een Bucure\u015fti odat\u0103 cu alegerile preziden\u0163iale ar putea intra mar\u0163i \u00een dezbaterea plenului Camerei Deputa\u0163ilor, care este for decizional, potrivit AGERPRES.<\/p>","protected":false},"excerpt":{"rendered":"<p>Raportul va intra \u00een plenul Camerei Deputa\u0163ilor mar\u0163i, urm\u00e2nd ca p\u00e2n\u0103 atunci mai multe amendamente&hellip;<\/p>\n","protected":false},"author":0,"featured_media":2596,"comment_status":"open","ping_status":"open","sticky":false,"template":"","format":"standard","meta":{"footnotes":""},"categories":[2],"tags":[],"class_list":["post-2601","post","type-post","status-publish","format-standard","has-post-thumbnail","hentry","category-actual"],"_links":{"self":[{"href":"https:\/\/247stiri.ro\/index.php\/wp-json\/wp\/v2\/posts\/2601","targetHints":{"allow":["GET"]}}],"collection":[{"href":"https:\/\/247stiri.ro\/index.php\/wp-json\/wp\/v2\/posts"}],"about":[{"href":"https:\/\/247stiri.ro\/index.php\/wp-json\/wp\/v2\/types\/post"}],"replies":[{"embeddable":true,"href":"https:\/\/247stiri.ro\/index.php\/wp-json\/wp\/v2\/comments?post=2601"}],"version-history":[{"count":0,"href":"https:\/\/247stiri.ro\/index.php\/wp-json\/wp\/v2\/posts\/2601\/revisions"}],"wp:featuredmedia":[{"embeddable":true,"href":"https:\/\/247stiri.ro\/index.php\/wp-json\/wp\/v2\/media\/2596"}],"wp:attachment":[{"href":"https:\/\/247stiri.ro\/index.php\/wp-json\/wp\/v2\/media?parent=2601"}],"wp:term":[{"taxonomy":"category","embeddable":true,"href":"https:\/\/247stiri.ro\/index.php\/wp-json\/wp\/v2\/categories?post=2601"},{"taxonomy":"post_tag","embeddable":true,"href":"https:\/\/247stiri.ro\/index.php\/wp-json\/wp\/v2\/tags?post=2601"}],"curies":[{"name":"wp","href":"https:\/\/api.w.org\/{rel}","templated":true}]}}