{"id":26125,"date":"2025-01-23T18:51:22","date_gmt":"2025-01-23T18:51:22","guid":{"rendered":"https:\/\/247stiri.ro\/index.php\/2025\/01\/23\/parhectul-european-ancheta-de-amploare-in-romania-fraude-cu-angajari-prejudiciul-ajunge-la-16-milioane-de-euro\/"},"modified":"2025-01-23T18:51:22","modified_gmt":"2025-01-23T18:51:22","slug":"parhectul-european-ancheta-de-amploare-in-romania-fraude-cu-angajari-prejudiciul-ajunge-la-16-milioane-de-euro","status":"publish","type":"post","link":"https:\/\/247stiri.ro\/index.php\/2025\/01\/23\/parhectul-european-ancheta-de-amploare-in-romania-fraude-cu-angajari-prejudiciul-ajunge-la-16-milioane-de-euro\/","title":{"rendered":"Parhectul European, anchet\u0103 de amploare \u00een Rom\u00e2nia. Fraude cu angaj\u0103ri. Prejudiciul ajunge la 1,6 milioane de euro"},"content":{"rendered":"<p>Procurorii Parchetului European au finalizat ancheta \u015fi au dispus trimiterea \u00een judecat\u0103, la Tribunalul Ia\u015fi, a zece persoane \u015fi patru firme, \u00eentr-un dosar care vizeaz\u0103 s\u0103v\u00e2r\u015firea unei fraude \u00een valoare de 1,6 milioane euro care implic\u0103 fonduri UE \u015fi na\u0163ionale destinate promov\u0103rii ocup\u0103rii for\u0163ei de munc\u0103.<\/p>\n<p>Potrivit anchetei, \u00eentre 2019 \u015fi 2021, inculpa\u0163ii au \u00eenfiin\u0163at societ\u0103\u0163i fictive, pentru a ob\u0163ine \u00een mod fraudulos subven\u0163ii UE \u015fi na\u0163ionale, menite s\u0103 ajute \u015fomerii s\u0103 \u00ee\u015fi \u00eembun\u0103t\u0103\u0163easc\u0103 competen\u0163ele \u015fi perspectivele de angajare.<\/p>\n<p>\u201dSe presupune c\u0103 suspec\u0163ii au angajat 197 de persoane \u00een cadrul unei scheme frauduloase, fraud\u00e2nd astfel bugetul UE \u015fi bugetul na\u0163ional cu aproximativ 1,6 milioane EUR (8.177.156 RON), 85% apar\u0163in\u00e2nd bugetului Uniunii Europene \u015fi 15% bugetului na\u0163ional al Rom\u00e2niei. Potrivit anchetei, persoanele fie erau deja angajate de una dintre societ\u0103\u0163ile implicate \u015fi \u00ee\u015fi reziliaser\u0103 \u00een mod oficial contractul de munc\u0103 pentru a fi reangajate, fie nu \u00eendeplineau condi\u0163iile pentru a fi considerate ucenici\u201d, au transmis procurorii europeni \u00eentr-un comunicat.<\/p>\n<p>Preg\u0103tirea efectiv\u0103 a persoanelor nu a avut niciodat\u0103 loc<\/p>\n<p>\u201dPe baza probelor administrate, gruparea infrac\u0163ional\u0103 s-a folosit de func\u0163ionari publici din cadrul Agen\u0163iei Na\u0163ionale pentru Ocuparea For\u0163ei de Munc\u0103 (ANOFM) din jude\u0163ele Bac\u0103u \u015fi Neam\u0163 pentru a comite frauda. \u00cen martie \u015fi iunie 2024, doi inculpa\u0163i &#8211; inclusiv un func\u0163ionar public &#8211; \u015fi-au recunoscut vinov\u0103\u0163ia \u015fi au semnat acorduri de recunoa\u015ftere a vinov\u0103\u0163iei, care au fost \u00eenaintate Tribunalului Ia\u015fi. Acordul de recunoa\u015ftere a vinov\u0103\u0163iei \u00eencheiat cu func\u0163ionarul public a devenit definitiv\u201d, a mai transmis Parchetul European.<\/p>\n<p>\u00cen vederea recuper\u0103rii prejudiciului estimat cauzat bugetului UE \u015fi a eventualelor cheltuieli judiciare, au fost sechestrate anterior, \u00een cadrul acestei anchete, numerar \u015fi propriet\u0103\u0163i cu o valoare total\u0103 de aproximativ 300.000 de euro.<\/p>\n<p>Procurorii precizeaz\u0103 c\u0103, dac\u0103 vor fi g\u0103si\u0163i vinova\u0163i, inculpa\u0163ii risc\u0103 p\u00e2n\u0103 la zece ani \u015fi jum\u0103tate de \u00eenchisoare pentru fraud\u0103 agravat\u0103 \u00een domeniul subven\u0163iilor \u015fi p\u00e2n\u0103 la zece ani pentru constituirea unui grup infrac\u0163ional organizat.<\/p>","protected":false},"excerpt":{"rendered":"<p>Procurorii Parchetului European au finalizat ancheta \u015fi au dispus trimiterea \u00een judecat\u0103, la Tribunalul Ia\u015fi,&hellip;<\/p>\n","protected":false},"author":0,"featured_media":26126,"comment_status":"open","ping_status":"open","sticky":false,"template":"","format":"standard","meta":{"footnotes":""},"categories":[2],"tags":[],"class_list":["post-26125","post","type-post","status-publish","format-standard","has-post-thumbnail","hentry","category-actual"],"_links":{"self":[{"href":"https:\/\/247stiri.ro\/index.php\/wp-json\/wp\/v2\/posts\/26125","targetHints":{"allow":["GET"]}}],"collection":[{"href":"https:\/\/247stiri.ro\/index.php\/wp-json\/wp\/v2\/posts"}],"about":[{"href":"https:\/\/247stiri.ro\/index.php\/wp-json\/wp\/v2\/types\/post"}],"replies":[{"embeddable":true,"href":"https:\/\/247stiri.ro\/index.php\/wp-json\/wp\/v2\/comments?post=26125"}],"version-history":[{"count":0,"href":"https:\/\/247stiri.ro\/index.php\/wp-json\/wp\/v2\/posts\/26125\/revisions"}],"wp:featuredmedia":[{"embeddable":true,"href":"https:\/\/247stiri.ro\/index.php\/wp-json\/wp\/v2\/media\/26126"}],"wp:attachment":[{"href":"https:\/\/247stiri.ro\/index.php\/wp-json\/wp\/v2\/media?parent=26125"}],"wp:term":[{"taxonomy":"category","embeddable":true,"href":"https:\/\/247stiri.ro\/index.php\/wp-json\/wp\/v2\/categories?post=26125"},{"taxonomy":"post_tag","embeddable":true,"href":"https:\/\/247stiri.ro\/index.php\/wp-json\/wp\/v2\/tags?post=26125"}],"curies":[{"name":"wp","href":"https:\/\/api.w.org\/{rel}","templated":true}]}}