{"id":26157,"date":"2025-01-24T05:48:04","date_gmt":"2025-01-24T05:48:04","guid":{"rendered":"https:\/\/247stiri.ro\/index.php\/2025\/01\/24\/catalin-hideg-despre-iesirea-lui-coldea-o-ataca-pe-judecatoarea-iorga-fiind-speriat-ca-va-fi-trimis-in-judecata\/"},"modified":"2025-01-24T05:48:04","modified_gmt":"2025-01-24T05:48:04","slug":"catalin-hideg-despre-iesirea-lui-coldea-o-ataca-pe-judecatoarea-iorga-fiind-speriat-ca-va-fi-trimis-in-judecata","status":"publish","type":"post","link":"https:\/\/247stiri.ro\/index.php\/2025\/01\/24\/catalin-hideg-despre-iesirea-lui-coldea-o-ataca-pe-judecatoarea-iorga-fiind-speriat-ca-va-fi-trimis-in-judecata\/","title":{"rendered":"C\u0103t\u0103lin Hideg despre ie\u0219irea lui Coldea: \u201eO atac\u0103 pe judec\u0103toarea Iorga, fiind speriat c\u0103 va fi trimis \u00een judecat\u0103\u201d"},"content":{"rendered":"<p>\u201eEste un atac furibund \u0219i de altfel este o continuare a atitudinilor pe care au mai avut-o vis-a-vis de doamna Mihaela Iorga.<\/p>\n<p>Da, deci a f\u0103cut-o de foarte multe ori, a f\u0103cut foarte multe pl\u00e2ngeri la Inspec\u021bia Judiciar\u0103, din ce am \u00een\u021beles, din acest comunicat \u0219i dup\u0103 cum vede\u021bi este incredibil de interesant ce spune legat de aceste&#8230; au asociat ace\u0219ti actori politici care contest\u0103 valorile euroatlantice ale Rom\u00e2niei \u0219i c\u0103 de fapt noi am \u00eencercat s\u0103 submin\u0103m statul de drept. P\u0103i cine de fapt l-a subminat?<\/p>\n<p>\u00a0<\/p>\n<p>Noi sau ei? El \u00eempreun\u0103 cu domnul Iohannis sau noi cet\u0103\u021benii Rom\u00e2niei care n-au avut dreptul s\u0103 vot\u0103m pentru c\u0103 au obligat prin \u0219antaj \u0219i corup\u021bie?<\/p>\n<p>\u00a0Sunt foarte dispera\u021bi acum urmeaz\u0103 s\u0103 fie, p\u0103rerea mea, trimi\u0219i \u00een judecat\u0103. Eu mar\u021bi am avut ultimele preciz\u0103ri pe care ei le-au solicitat pentru c\u0103 au avut ni\u0219te \u00eentreb\u0103ri absolut penibile legate \u00een mod special de convorbirea pe care am avut-o cu Dan Tocaci la sf\u00e2r\u0219it \u00een care eu n-am putut s\u0103 \u00eenregistrez acea convorbire foarte bine, pentru c\u0103 eram cu telefonul \u00een buzunar, iar Dan Tocaci m-a \u00eenregistrat cu telefonul \u00een m\u00e2n\u0103 \u00eentrebarea e cine a dat acea \u00eenregistrare la DNA? Domnul Coldea sau domnul Tocaci?<\/p>\n<p>C\u0103 dac\u0103 a dat-o domnul Coldea e foarte grav, \u00eenseamn\u0103 c\u0103 ea l-a \u00eenc\u0103lcat controlul \u00een acest sens. O s\u0103 vedem. Problema este c\u0103 disperarea nu este at\u00e2t de mare, iar faptul c\u0103 toate dovezile sunt \u00een \u00eenregistr\u0103rile dinainte de asta.<\/p>\n<p>\u00cenregistrarea cu domnul Dumbrav\u0103 este absolut elocvent\u0103 \u0219i este relevant\u0103 \u0219i este mai mult dec\u00e2t doveditoare c\u0103 ei \u00eencercau dincolo de \u00eenregistr\u0103ri pentru c\u0103 \u00eencercau s\u0103 ajung\u0103 la judec\u0103tori.<\/p>\n<p>Asta este dovada principal\u0103 a faptului c\u0103 banii de la mine au ajuns la ei, iar acum ei \u00eencearc\u0103 s\u0103 spele sau s\u0103 ias\u0103 bazma curat\u0103, acuz\u00e2nd-o pe doamna procuror c\u0103 nu \u0219tiu ce convorbiri dintre \u00eenregistrarea lui Tocaci \u0219i cu mine n-au fost foarte bine relevate \u00een cadrul anchetei penale.<\/p>\n<p>Deci \u00een aceste pl\u00e2ngere a lor pe acolo, prin dosar, sunt peste 10 dosare, da. \u00cen pl\u00e2ngerile lor pe la inspec\u021bie, pe la recuz\u0103ri, zice vreunul \u0219i vorbe\u0219te numai de nu. Zice vreunul pentru ce luau banii \u0103ia?<\/p>\n<p>Eu de unde s\u0103 \u0219tiu, c\u0103 n-am participat la aceste audieri, dar pot s\u0103 v\u0103 spun c\u0103 sperarea lor este at\u00e2t de mare \u00eenc\u00e2t \u00een momentul \u0103sta o fac orice \u0219i s-aga\u021b\u0103 de fiecare cuv\u00e2nt pe care eu l-am spus sau nu l-am spus. Eu nu sunt un martor care nu a spus adev\u0103rul. Nu mi-am schimbat niciodat\u0103 declara\u021biile.<\/p>\n<p>Deci, numai fabula\u021bii \u0219i abera\u021bii face domnul general Coldea, care acum nu \u0219tie cum s\u0103 fac\u0103 s\u0103 scape din aceast\u0103 situa\u021bie, pentru c\u0103 vede\u021bi c\u0103 se face referire numai la dosarul meu, iar ceilal\u021bi, din urm\u0103, care au f\u0103cut \u0219i ei denun\u021buri sau care sunt \u00een anchete, el nu spune nimic despre ceilal\u021bi. Pentru c\u0103 a\u021bi v\u0103zut foarte bine c\u0103 dosarul e foarte bine probat \u0219i pe ceilal\u021bi mai u\u0219or \u00eei combat.<\/p>\n<p>V\u0103 spun c\u0103 la celelalte persoane care au fost de-a lungul timpului ar\u0103tate c\u0103 au f\u0103cut trafic de influen\u021b\u0103, c\u0103 au pl\u0103tit banii acestor genera\u021bi prin firmele lor. Uita\u021bi-v\u0103 la firma doamnei Filipolius, acum cum o chema, care era de 240.000 de euro. Doamna era \u00een afaceri cu ei.<\/p>\n<p>\u00a0Cum ar putea s\u0103 duc\u0103 s\u0103 le fac\u0103 denun\u021b? S-au g\u0103sit banii \u00een conturile lor de la foarte multe persoane \u0219i de la domnul Varvara \u0219i de la primarul de la Rodinari \u0219i de la Tufan \u0219i de la o gr\u0103mad\u0103.<\/p>\n<p>Pe mine m-a \u0219ocat un lucru, faptul c\u0103 a spus c\u0103 se pozi\u021bioneaz\u0103 subiectiv doamna procuror de cazul legat de implicarea \u00een cazul Florian Coldea. P\u0103i el recunoa\u0219te de fapt c\u0103 dosarului Coldea lucr\u00e2ndu-l pe Florian Walter, care aveau afacere de aproape 100 de milioane de euro a fost paradit\u0103 tot de ei.<\/p>\n<p>Doamna procuror Iorga Morar a avut de suferit din cauza acestor oameni pentru c\u0103 nu a vrut s\u0103 trimit\u0103 dosarul \u00een instan\u021b\u0103 a\u0219a cum au vrut ei, cum l-au fabricat. Acest Florian Walter a fost \u00eenregistrat, a fost practic denun\u021bat efectiv chiar de oamenii din jurul lui inclusiv domnul Toca ce spunea c\u0103 las\u0103 oameni cu Walter c\u0103practic acest om a tr\u0103it de pe urma acestui Florian Walter, ani de zile i-a fost foarte apropiat chiar \u0219ofer \u0219i \u00een ultima \u00eenregistrare \u00een aia care o tot flutur\u0103 domnul Coldea peste tot \u0219i spune c\u0103 nu \u00eei plac \u00eenregistr\u0103rile \u0219i cuvintele care nu se auzeau la un moment dat din cauza faptului c\u0103 telefonul era la mine \u00een buzunar iar \u00eenregistrarea autentic\u0103 pe care a folosit acest Dan Tocaci era mai clar\u0103, nu se auzea foarte bine \u0219i anumite fraze.<\/p>\n<p>Spun c\u0103 subiect \u0219i predicat cine sunt aceste persoane \u0219i nu vreau s\u0103 dac\u0103 m\u0103 l\u0103sa\u021bi o secund\u0103 s\u0103 v\u0103 spun legat de dosarul Domnului Florian Walter ce a f\u0103cut obiectul unei investiga\u021bii penale \u0219i c\u0103 prin mijloace \u0219i artificii procedurale similare ce erau utilizate \u00een dosarul 52, adic\u0103 a lui l-a favorizat \u0219i pe Domnul Walter atunci adic\u0103 spune c\u0103 de fapt Doamna Iorga Morar vrea s\u0103 m\u0103 ajute pe mine cum de fapt a vrut s\u0103-l ajute pe Domnul Walter s\u0103 nu fie b\u0103gat la pu\u0219c\u0103rie de ni\u0219te oameni care i-au fabricat un dosar ordinar\u201d, a declara C\u0103t\u0103lin Hideg.<\/p>\n<p>\u00a0<\/p>\n<p>\u00a0<\/p>\n<p>\u00a0<\/p>\n<p>\u00a0<\/p>","protected":false},"excerpt":{"rendered":"<p>\u201eEste un atac furibund \u0219i de altfel este o continuare a atitudinilor pe care au&hellip;<\/p>\n","protected":false},"author":0,"featured_media":26158,"comment_status":"open","ping_status":"open","sticky":false,"template":"","format":"standard","meta":{"footnotes":""},"categories":[2],"tags":[],"class_list":["post-26157","post","type-post","status-publish","format-standard","has-post-thumbnail","hentry","category-actual"],"_links":{"self":[{"href":"https:\/\/247stiri.ro\/index.php\/wp-json\/wp\/v2\/posts\/26157","targetHints":{"allow":["GET"]}}],"collection":[{"href":"https:\/\/247stiri.ro\/index.php\/wp-json\/wp\/v2\/posts"}],"about":[{"href":"https:\/\/247stiri.ro\/index.php\/wp-json\/wp\/v2\/types\/post"}],"replies":[{"embeddable":true,"href":"https:\/\/247stiri.ro\/index.php\/wp-json\/wp\/v2\/comments?post=26157"}],"version-history":[{"count":0,"href":"https:\/\/247stiri.ro\/index.php\/wp-json\/wp\/v2\/posts\/26157\/revisions"}],"wp:featuredmedia":[{"embeddable":true,"href":"https:\/\/247stiri.ro\/index.php\/wp-json\/wp\/v2\/media\/26158"}],"wp:attachment":[{"href":"https:\/\/247stiri.ro\/index.php\/wp-json\/wp\/v2\/media?parent=26157"}],"wp:term":[{"taxonomy":"category","embeddable":true,"href":"https:\/\/247stiri.ro\/index.php\/wp-json\/wp\/v2\/categories?post=26157"},{"taxonomy":"post_tag","embeddable":true,"href":"https:\/\/247stiri.ro\/index.php\/wp-json\/wp\/v2\/tags?post=26157"}],"curies":[{"name":"wp","href":"https:\/\/api.w.org\/{rel}","templated":true}]}}