{"id":26159,"date":"2025-01-24T06:51:06","date_gmt":"2025-01-24T06:51:06","guid":{"rendered":"https:\/\/247stiri.ro\/index.php\/2025\/01\/24\/dan-puric-marturii-emotionante-la-culisele-statului-paralel-poporul-roman-e-ca-vulturul-crescut-intre-gaini\/"},"modified":"2025-01-24T06:51:06","modified_gmt":"2025-01-24T06:51:06","slug":"dan-puric-marturii-emotionante-la-culisele-statului-paralel-poporul-roman-e-ca-vulturul-crescut-intre-gaini","status":"publish","type":"post","link":"https:\/\/247stiri.ro\/index.php\/2025\/01\/24\/dan-puric-marturii-emotionante-la-culisele-statului-paralel-poporul-roman-e-ca-vulturul-crescut-intre-gaini\/","title":{"rendered":"Dan Puric, m\u0103rturii emo\u021bionante la &#8222;Culisele Statului Paralel&#8221;: Poporul rom\u00e2n e ca vulturul crescut \u00eentre g\u0103ini"},"content":{"rendered":"<p>&#8222;\u00cen situa\u021bia \u00een care suntem noi acum, a poporului rom\u00e2n, \u00eenconjurat de o popula\u021bie, este ca \u00een povestea aia cu&#8230; \u0218ti\u021bi, un pui de vultur a fost crescut \u00eentre g\u0103ini. \u0218i nu \u0219tia c\u0103 e vultur. \u0218tii, ciugulea acolo a\u0219a. \u0218i era un pui \u0219i zicea, e\u0219ti vultur. Ciugulea. E\u0219ti vultur. \u0218i \u00eentr-o zi a venit o idee extraordinar\u0103. L-a luat a\u0219a, crescuse destul de mare, \u0219i l-a dus pe o st\u00e2ng\u0103, pe v\u00e2rful unei munte. \u0218i a zis, e\u0219ti vultur, m\u0103. \u0218i atunci s-au deschis aripile. \u0102sta e momentul pe care \u00eel tr\u0103ie\u0219te poporul rom\u00e2n acum.<\/p>\n<p>Cel mai important este momentul \u00een c\u00e2nd te \u00eenal\u021bi din r\u0103ni, din jigniri nedrepte \u0219i s\u0103 \u0219ti\u021bi c\u0103 \u00eentr-o natur\u0103 adev\u0103rat cre\u0219tin\u0103, nedreptatea devine fecund\u0103. Nu e a\u0219a c\u0103 dup\u0103 ce v\u0103 trece sup\u0103rarea, v\u0103 sim\u021bi\u021bi mai puternic\u0103? Normal. N-a\u021bi v\u0103zut c\u0103, pe partea ala, oamenii iubesc din ce \u00een ce mai multe adev\u0103rul? De c\u00e2nd p\u00e2n\u0103 c\u00e2nd a mers adev\u0103rul lini\u0219tit \u00een lume? \u0218ti\u021bi, spunea c\u0103 adev\u0103rul merge \u00een lume cu capul spart. E o lupt\u0103.\u00a0<\/p>\n<p>\u0218i cel mai grav, s-a distrus demnitatea acestui popor, s-a distrus \u0219i s-a erodat demnitatea condi\u021biei de a fi rom\u00e2n \u00een lume, s-a distrus tineretul, s-a distrus educa\u021bia, s-a distrus cultura, s-a distrus o \u021bar\u0103 \u00een 35 de ani. \u00cen 35 de ani. \u0218i atunci lucrurile acestea trebuie sm\u0103rturisite, lumea trebuie s\u0103 vad\u0103&#8221;, a declarat, joi seara, Dan Puric in cadrul emisiunii &#8222;Culisele Statului Paralel&#8221; de la Realitatea PLUS.\u00a0<\/p>","protected":false},"excerpt":{"rendered":"<p>&#8222;\u00cen situa\u021bia \u00een care suntem noi acum, a poporului rom\u00e2n, \u00eenconjurat de o popula\u021bie, este&hellip;<\/p>\n","protected":false},"author":0,"featured_media":26160,"comment_status":"open","ping_status":"open","sticky":false,"template":"","format":"standard","meta":{"footnotes":""},"categories":[3],"tags":[],"class_list":["post-26159","post","type-post","status-publish","format-standard","has-post-thumbnail","hentry","category-politica"],"_links":{"self":[{"href":"https:\/\/247stiri.ro\/index.php\/wp-json\/wp\/v2\/posts\/26159","targetHints":{"allow":["GET"]}}],"collection":[{"href":"https:\/\/247stiri.ro\/index.php\/wp-json\/wp\/v2\/posts"}],"about":[{"href":"https:\/\/247stiri.ro\/index.php\/wp-json\/wp\/v2\/types\/post"}],"replies":[{"embeddable":true,"href":"https:\/\/247stiri.ro\/index.php\/wp-json\/wp\/v2\/comments?post=26159"}],"version-history":[{"count":0,"href":"https:\/\/247stiri.ro\/index.php\/wp-json\/wp\/v2\/posts\/26159\/revisions"}],"wp:featuredmedia":[{"embeddable":true,"href":"https:\/\/247stiri.ro\/index.php\/wp-json\/wp\/v2\/media\/26160"}],"wp:attachment":[{"href":"https:\/\/247stiri.ro\/index.php\/wp-json\/wp\/v2\/media?parent=26159"}],"wp:term":[{"taxonomy":"category","embeddable":true,"href":"https:\/\/247stiri.ro\/index.php\/wp-json\/wp\/v2\/categories?post=26159"},{"taxonomy":"post_tag","embeddable":true,"href":"https:\/\/247stiri.ro\/index.php\/wp-json\/wp\/v2\/tags?post=26159"}],"curies":[{"name":"wp","href":"https:\/\/api.w.org\/{rel}","templated":true}]}}