{"id":26169,"date":"2025-01-24T06:51:09","date_gmt":"2025-01-24T06:51:09","guid":{"rendered":"https:\/\/247stiri.ro\/index.php\/2025\/01\/24\/raport-ingrijorator-4-din-10-copii-de-gimnaziu-nu-vor-sa-mearga-la-liceu-si-prefera-sa-se-angajeze-parintii-nemultumiti-de-progresul-scolar\/"},"modified":"2025-01-24T06:51:09","modified_gmt":"2025-01-24T06:51:09","slug":"raport-ingrijorator-4-din-10-copii-de-gimnaziu-nu-vor-sa-mearga-la-liceu-si-prefera-sa-se-angajeze-parintii-nemultumiti-de-progresul-scolar","status":"publish","type":"post","link":"https:\/\/247stiri.ro\/index.php\/2025\/01\/24\/raport-ingrijorator-4-din-10-copii-de-gimnaziu-nu-vor-sa-mearga-la-liceu-si-prefera-sa-se-angajeze-parintii-nemultumiti-de-progresul-scolar\/","title":{"rendered":"Raport \u00eengrijor\u0103tor: 4 din 10 copii de gimnaziu NU vor s\u0103 mearg\u0103 la liceu \u0219i prefer\u0103 s\u0103 se angajeze. P\u0103rin\u021bii, nemul\u021bumi\u021bi de progresul \u0219colar\u00a0"},"content":{"rendered":"<p>Potrivit unui comunicat al World Vision transmis joi, acela\u015fi studiu mai arat\u0103 c\u0103 doi din zece copii (19%) din mediul rural nu sunt ajuta\u0163i niciodat\u0103 la teme, deoarece locuiesc \u00een familii \u00een care majoritatea adul\u0163ilor au maximum opt clase absolvite, iar 49% dintre p\u0103rin\u0163i se declar\u0103 nemul\u0163umi\u0163i de progresul \u015fcolar realizat \u00een ultimul an de copiii lor.<\/p>\n<p>Un num\u0103r de 86 de elevi din mediul rural vor fi sus\u0163inu\u0163i de funda\u0163ie \u00eempreun\u0103 cu un lan\u0163 de retail european s\u0103-\u015fi continue educa\u0163ia, anul acesta, prin proiectul \u201eEduca\u0163ie pentru Bun\u0103stare\u201d, parte a programului \u201eVreau \u00een clasa a 9-a\u201d.<\/p>\n<p>Scopul principal al proiectului \u201eEduca\u0163ie pentru Bun\u0103stare\u201d \u00eel constituie reducerea inegalit\u0103\u0163ii de \u015fanse pentru elevii din comunit\u0103\u0163i dezavantajate, \u00een vederea continu\u0103rii studiilor \u015fi atingerii poten\u0163ialului maxim de dezvoltare personal\u0103 \u015fi profesional\u0103.<\/p>\n<p>\u00cen anul \u015fcolar 2023-2024 un num\u0103r de 110 elevi din mediul rural au fost sprijini\u0163i s\u0103 \u00ee\u015fi continue studiile \u015fi s\u0103 mearg\u0103 la liceu, iar \u00eenc\u0103 40 de elevi s\u0103 sus\u0163in\u0103 practic\u0103 de specialitate, \u00een cadrul programului \u201eVreau \u00een clasa a 9-a\u201d.<\/p>\n<p>\u00a0<\/p>","protected":false},"excerpt":{"rendered":"<p>Potrivit unui comunicat al World Vision transmis joi, acela\u015fi studiu mai arat\u0103 c\u0103 doi din&hellip;<\/p>\n","protected":false},"author":0,"featured_media":26170,"comment_status":"open","ping_status":"open","sticky":false,"template":"","format":"standard","meta":{"footnotes":""},"categories":[2],"tags":[],"class_list":["post-26169","post","type-post","status-publish","format-standard","has-post-thumbnail","hentry","category-actual"],"_links":{"self":[{"href":"https:\/\/247stiri.ro\/index.php\/wp-json\/wp\/v2\/posts\/26169","targetHints":{"allow":["GET"]}}],"collection":[{"href":"https:\/\/247stiri.ro\/index.php\/wp-json\/wp\/v2\/posts"}],"about":[{"href":"https:\/\/247stiri.ro\/index.php\/wp-json\/wp\/v2\/types\/post"}],"replies":[{"embeddable":true,"href":"https:\/\/247stiri.ro\/index.php\/wp-json\/wp\/v2\/comments?post=26169"}],"version-history":[{"count":0,"href":"https:\/\/247stiri.ro\/index.php\/wp-json\/wp\/v2\/posts\/26169\/revisions"}],"wp:featuredmedia":[{"embeddable":true,"href":"https:\/\/247stiri.ro\/index.php\/wp-json\/wp\/v2\/media\/26170"}],"wp:attachment":[{"href":"https:\/\/247stiri.ro\/index.php\/wp-json\/wp\/v2\/media?parent=26169"}],"wp:term":[{"taxonomy":"category","embeddable":true,"href":"https:\/\/247stiri.ro\/index.php\/wp-json\/wp\/v2\/categories?post=26169"},{"taxonomy":"post_tag","embeddable":true,"href":"https:\/\/247stiri.ro\/index.php\/wp-json\/wp\/v2\/tags?post=26169"}],"curies":[{"name":"wp","href":"https:\/\/api.w.org\/{rel}","templated":true}]}}