{"id":26171,"date":"2025-01-24T06:51:10","date_gmt":"2025-01-24T06:51:10","guid":{"rendered":"https:\/\/247stiri.ro\/index.php\/2025\/01\/24\/ziua-unirii-principatelor-romane-aur-organizeaza-marsul-unirii-la-iasi-si-focsani-george-simion-participa-si-la-marea-hora-a-unirii-neamului\/"},"modified":"2025-01-24T06:51:10","modified_gmt":"2025-01-24T06:51:10","slug":"ziua-unirii-principatelor-romane-aur-organizeaza-marsul-unirii-la-iasi-si-focsani-george-simion-participa-si-la-marea-hora-a-unirii-neamului","status":"publish","type":"post","link":"https:\/\/247stiri.ro\/index.php\/2025\/01\/24\/ziua-unirii-principatelor-romane-aur-organizeaza-marsul-unirii-la-iasi-si-focsani-george-simion-participa-si-la-marea-hora-a-unirii-neamului\/","title":{"rendered":"Ziua Unirii Principatelor Rom\u00e2ne. AUR organizeaz\u0103 \u201dMar\u015ful Unirii\u201d la Ia\u015fi \u015fi Foc\u015fani. George Simion particip\u0103 \u0219i la \u201dMarea Hor\u0103 a Unirii Neamului\u201d"},"content":{"rendered":"<p>UPDATE ora 8:30 &#8211; George Simion a ajuns la Mar\u0219ul Unirii de la Ia\u0219i.<\/p>\n<p>&#8222;Au fraudat alegerile, le-au comasat \u0219i pentru c\u0103 nu au ie\u0219it cum au vrut ei le-au anulat abuziv \u0219i acum vor s\u0103 le repete tot abuziv. Mesajul nostru e clar: revenirea la normal, la turul 2 de alegeri \u0219i un viitor pentru copiii no\u0219tri aici, la noi \u00een \u021bar\u0103. Dac\u0103 clasa politic\u0103 nu a auzit glasul rom\u00e2nilor, cei 100.000, pe 12 ianuarie, \u00een capital\u0103, vor trebui s\u0103 asculte azi o pia\u021b\u0103 a unirii plin\u0103, care are un mesaj clar: Turul 2 \u00eenapoi!&#8221;, a spus George Simion.<\/p>\n<p>&#8222;Noi suntem aici pentru c\u0103 un jur\u0103m\u00e2nt ne leag\u0103. Suntem aici \u00een fiecare an, \u00eenainte s\u0103 existe AUR, de peste 10 ani, \u0219i vom veni indiferent dac\u0103 se opune unul sau altul, indiferent dac\u0103 creeaz\u0103 diverse diversiuni, cum a fpcut primarul Ia\u0219iului&#8221;, a mai spus Simion.<\/p>\n<p>&#8222;Moldova este ast\u0103zi l\u0103sat\u0103 \u00een urm\u0103, este rupt\u0103 \u00een dou\u0103, ne gandim cu durere la fra\u021bii no\u0219tri din Cern\u0103u\u021bi \u0219i Chi\u0219in\u0103u&#8221;, a mai transmis Simion.<\/p>\n<p>Tr\u0103im un moment istoric, poporul rom\u00e2n s-a trezit. Num\u0103rul mare de patrio\u021bi de azi din Pia\u021ba Unirii&#8230;\u00a0<\/p>\n<p><a title=\"@georgesimionoficial\" href=\"https:\/\/www.tiktok.com\/@georgesimionoficial?refer=embed\" target=\"_blank\">@georgesimionoficial<\/a><\/p>\n<p>\u00a0<\/p>\n<p><a title=\"\u266c original sound - GEORGE SIMION\" href=\"https:\/\/www.tiktok.com\/music\/original-sound-7463363766831336214?refer=embed\" target=\"_blank\">\u266c original sound &#8211; GEORGE SIMION<\/a><\/p>\n<p>\u201d\u00cen mod tradi\u0163ional, Alian\u0163a pentru Unirea Rom\u00e2nilor organizeaz\u0103 vineri, 24 ianuarie, \u00abMar\u015ful Unirii\u00bb, at\u00e2t la Ia\u015fi, c\u00e2t \u015fi la Foc\u015fani, evenimente care marcheaz\u0103 166 de ani de la Unirea Principatelor Rom\u00e2ne. Astfel, la Ia\u015fi, \u00eencep\u00e2nd cu ora 9:30, rom\u00e2nii vor porni \u00een mar\u015f din Pia\u0163a Unirii \u015fi se vor opri \u00een fa\u0163a Palatului Culturii\u201d, a transmis AUR.<\/p>\n<p>Potrivit forma\u0163iunii, \u00een municipiul Foc\u015fani, \u201dMar\u015ful Unirii\u201d va \u00eencepe la ora 16:00 din fa\u0163a Colegiului Na\u0163ional Alexandru Ioan Cuza\u201d.<\/p>\n<p>\u201dPre\u015fedintele AUR, George Simion, va fi prezent la cele dou\u0103 manifesta\u0163ii pe care Alian\u0163a pentru Unirea Rom\u00e2nilor le organizeaz\u0103 \u00een fiecare an, de Ziua Unirii Principatelor Rom\u00e2ne\u201d, se mai arat\u0103 \u00een comunicatul AUR.<\/p>\n<p>George Simion a scris pe Facebook o postare \u00een care anun\u0163\u0103 c\u0103 va fi, vineri, la 08:30 la Ia\u015fi, la 13:00 la Bucure\u015fti \u015fi la 16:00 la Foc\u015fani.<\/p>\n<p>Biroul de Pres\u0103 al AUR a subliniat, ulterior, c\u0103 AUR va participa la \u201dMarea Hor\u0103 a Unirii Neamului\u201d, eveniment la care \u015fi-a anun\u0163at prezen\u0163a \u015fi C\u0103lin Georgescu.<\/p>","protected":false},"excerpt":{"rendered":"<p>UPDATE ora 8:30 &#8211; George Simion a ajuns la Mar\u0219ul Unirii de la Ia\u0219i. &#8222;Au&hellip;<\/p>\n","protected":false},"author":0,"featured_media":26151,"comment_status":"open","ping_status":"open","sticky":false,"template":"","format":"standard","meta":{"footnotes":""},"categories":[2],"tags":[],"class_list":["post-26171","post","type-post","status-publish","format-standard","has-post-thumbnail","hentry","category-actual"],"_links":{"self":[{"href":"https:\/\/247stiri.ro\/index.php\/wp-json\/wp\/v2\/posts\/26171","targetHints":{"allow":["GET"]}}],"collection":[{"href":"https:\/\/247stiri.ro\/index.php\/wp-json\/wp\/v2\/posts"}],"about":[{"href":"https:\/\/247stiri.ro\/index.php\/wp-json\/wp\/v2\/types\/post"}],"replies":[{"embeddable":true,"href":"https:\/\/247stiri.ro\/index.php\/wp-json\/wp\/v2\/comments?post=26171"}],"version-history":[{"count":0,"href":"https:\/\/247stiri.ro\/index.php\/wp-json\/wp\/v2\/posts\/26171\/revisions"}],"wp:featuredmedia":[{"embeddable":true,"href":"https:\/\/247stiri.ro\/index.php\/wp-json\/wp\/v2\/media\/26151"}],"wp:attachment":[{"href":"https:\/\/247stiri.ro\/index.php\/wp-json\/wp\/v2\/media?parent=26171"}],"wp:term":[{"taxonomy":"category","embeddable":true,"href":"https:\/\/247stiri.ro\/index.php\/wp-json\/wp\/v2\/categories?post=26171"},{"taxonomy":"post_tag","embeddable":true,"href":"https:\/\/247stiri.ro\/index.php\/wp-json\/wp\/v2\/tags?post=26171"}],"curies":[{"name":"wp","href":"https:\/\/api.w.org\/{rel}","templated":true}]}}