{"id":26180,"date":"2025-01-24T07:44:50","date_gmt":"2025-01-24T07:44:50","guid":{"rendered":"https:\/\/247stiri.ro\/index.php\/2025\/01\/24\/marcel-ciolacu-mesaj-de-ziua-unirii-principatelor-romane-dezvoltarea-tarii-pe-primul-plan-indiferent-de-costurile-electorale\/"},"modified":"2025-01-24T07:44:50","modified_gmt":"2025-01-24T07:44:50","slug":"marcel-ciolacu-mesaj-de-ziua-unirii-principatelor-romane-dezvoltarea-tarii-pe-primul-plan-indiferent-de-costurile-electorale","status":"publish","type":"post","link":"https:\/\/247stiri.ro\/index.php\/2025\/01\/24\/marcel-ciolacu-mesaj-de-ziua-unirii-principatelor-romane-dezvoltarea-tarii-pe-primul-plan-indiferent-de-costurile-electorale\/","title":{"rendered":"Marcel Ciolacu, mesaj de Ziua Unirii Principatelor Rom\u00e2ne: Dezvoltarea \u021b\u0103rii, pe primul plan, indiferent de costurile electorale"},"content":{"rendered":"<p>&#8222;La fel ca \u00een 1859, c\u00e2nd \u021aara Rom\u00e2neasc\u0103 s-a unit cu Moldova, \u0219i acum modernizarea statului rom\u00e2n \u00eenseamn\u0103 nu doar un proces de lung\u0103 durat\u0103, ci \u2013 mai ales &#8211; eforturi constante din partea \u00eentregii societ\u0103\u021bi, \u00eencep\u00e2nd chiar cu liderii politici.Acesta a fost motivul pentru care, \u00eenc\u0103 de la preluarea guvern\u0103rii, am pus pe primul plan dezvoltarea \u021b\u0103rii, care trebuie s\u0103 prevaleze \u00een fa\u021ba intereselor personale, indiferent de costurile electorale pe care le-a implicat.\u00a0<\/p>\n<p>\u0218i atunci, ca \u0219i acum, coeziunea social\u0103 a fost esen\u021bial\u0103. \u00cempreun\u0103 am realizat aderarea la Spa\u021biul Schengen \u0219i la Programul Visa Waiver, consolid\u00e2nd astfel rolul Rom\u00e2niei \u00een lume \u0219i oferind rom\u00e2nilor drepturile pe care le meritau.<\/p>\n<p>Tot \u00eempreun\u0103 vom duce Rom\u00e2nia \u00een OECD \u0219i vom continua reformele asumate pentru a \u00a0accesa \u00een continuare banii europeni pentru mari proiecte de infrastructur\u0103, s\u0103n\u0103tate \u0219i educa\u021bie. La mul\u021bi ani, Rom\u00e2nia! La mul\u021bi ani tuturor rom\u00e2nilor!&#8221;, este mesajul postat, vineri diminea\u021b\u0103, pe Facebook.\u00a0<\/p>\n<p>\u00a0<\/p>","protected":false},"excerpt":{"rendered":"<p>&#8222;La fel ca \u00een 1859, c\u00e2nd \u021aara Rom\u00e2neasc\u0103 s-a unit cu Moldova, \u0219i acum modernizarea&hellip;<\/p>\n","protected":false},"author":0,"featured_media":26181,"comment_status":"open","ping_status":"open","sticky":false,"template":"","format":"standard","meta":{"footnotes":""},"categories":[3],"tags":[],"class_list":["post-26180","post","type-post","status-publish","format-standard","has-post-thumbnail","hentry","category-politica"],"_links":{"self":[{"href":"https:\/\/247stiri.ro\/index.php\/wp-json\/wp\/v2\/posts\/26180","targetHints":{"allow":["GET"]}}],"collection":[{"href":"https:\/\/247stiri.ro\/index.php\/wp-json\/wp\/v2\/posts"}],"about":[{"href":"https:\/\/247stiri.ro\/index.php\/wp-json\/wp\/v2\/types\/post"}],"replies":[{"embeddable":true,"href":"https:\/\/247stiri.ro\/index.php\/wp-json\/wp\/v2\/comments?post=26180"}],"version-history":[{"count":0,"href":"https:\/\/247stiri.ro\/index.php\/wp-json\/wp\/v2\/posts\/26180\/revisions"}],"wp:featuredmedia":[{"embeddable":true,"href":"https:\/\/247stiri.ro\/index.php\/wp-json\/wp\/v2\/media\/26181"}],"wp:attachment":[{"href":"https:\/\/247stiri.ro\/index.php\/wp-json\/wp\/v2\/media?parent=26180"}],"wp:term":[{"taxonomy":"category","embeddable":true,"href":"https:\/\/247stiri.ro\/index.php\/wp-json\/wp\/v2\/categories?post=26180"},{"taxonomy":"post_tag","embeddable":true,"href":"https:\/\/247stiri.ro\/index.php\/wp-json\/wp\/v2\/tags?post=26180"}],"curies":[{"name":"wp","href":"https:\/\/api.w.org\/{rel}","templated":true}]}}