{"id":26182,"date":"2025-01-24T07:44:51","date_gmt":"2025-01-24T07:44:51","guid":{"rendered":"https:\/\/247stiri.ro\/index.php\/2025\/01\/24\/cum-vrea-guvernul-sa-le-inchida-gura-romanilor-inainte-de-alegeri-explicatiile-avocatului-toni-neacsu\/"},"modified":"2025-01-24T07:44:51","modified_gmt":"2025-01-24T07:44:51","slug":"cum-vrea-guvernul-sa-le-inchida-gura-romanilor-inainte-de-alegeri-explicatiile-avocatului-toni-neacsu","status":"publish","type":"post","link":"https:\/\/247stiri.ro\/index.php\/2025\/01\/24\/cum-vrea-guvernul-sa-le-inchida-gura-romanilor-inainte-de-alegeri-explicatiile-avocatului-toni-neacsu\/","title":{"rendered":"Cum vrea Guvernul s\u0103 le \u00eenchid\u0103 gura rom\u00e2nilor \u00eenainte de alegeri. Explica\u021biile avocatului Toni Neac\u0219u"},"content":{"rendered":"<p>&#8222;Sunt cel putin doua prevederi care pot parea neconstitutionale, daca vor trece in aceasta modalitate. Una dintre ele este aceasta cu restrangerea pentru ziua de duminica a votului pentru cetatenii din strainatate.<\/p>\n<p>Cealalta este si mai grava din punctul meu de vedere: acolo se stabilesc cateva criterii in ce priveste modalitatea in care se poate sustine campania electorala, publicitatea electorala, inclusiv pe retelele sociale.<\/p>\n<p><a href=\"https:\/\/www.realitatea.net\/stiri\/actual\/fost-judecator-despre-cel-mai-asteptat-proces-din-romania-solutionarea-dosarului-lui-calin-georgescu-ar-putea-dura-o-luna_67715d1cd62f4b2d372000a2\" target=\"_blank\">Fost judec\u0103tor, despre cel mai a\u0219teptat proces din Rom\u00e2nia: \u201eSolu\u021bionarea dosarului lui C\u0103lin Georgescu ar putea dura o lun\u0103\u201d<\/a><\/p>\n<p>In mod normal, nerespectarea acestor prevederi de catre actorii politici, adica de candidati, partide politice este prevazuta sub anumite sanctiuni contraventionale. In textul acestei OUG s-a scapat si posibilitatea ca pentru aceleasi fapte sa fie sanctionate si persoane fizice obisnuite, adica cetateni ca mine si ca dvs, cu activitate pe Facebook, Tiktok sau mai stiu eu unde. Printr-o interpretare abuziva a celor care vor aplica OUG e posibil sa asistam la o blocare a libertatii de exprimare a cetatenilor&#8221;, a aratat avocatul Toni Neacsu.\u00a0<\/p>","protected":false},"excerpt":{"rendered":"<p>&#8222;Sunt cel putin doua prevederi care pot parea neconstitutionale, daca vor trece in aceasta modalitate.&hellip;<\/p>\n","protected":false},"author":0,"featured_media":26183,"comment_status":"open","ping_status":"open","sticky":false,"template":"","format":"standard","meta":{"footnotes":""},"categories":[3],"tags":[],"class_list":["post-26182","post","type-post","status-publish","format-standard","has-post-thumbnail","hentry","category-politica"],"_links":{"self":[{"href":"https:\/\/247stiri.ro\/index.php\/wp-json\/wp\/v2\/posts\/26182","targetHints":{"allow":["GET"]}}],"collection":[{"href":"https:\/\/247stiri.ro\/index.php\/wp-json\/wp\/v2\/posts"}],"about":[{"href":"https:\/\/247stiri.ro\/index.php\/wp-json\/wp\/v2\/types\/post"}],"replies":[{"embeddable":true,"href":"https:\/\/247stiri.ro\/index.php\/wp-json\/wp\/v2\/comments?post=26182"}],"version-history":[{"count":0,"href":"https:\/\/247stiri.ro\/index.php\/wp-json\/wp\/v2\/posts\/26182\/revisions"}],"wp:featuredmedia":[{"embeddable":true,"href":"https:\/\/247stiri.ro\/index.php\/wp-json\/wp\/v2\/media\/26183"}],"wp:attachment":[{"href":"https:\/\/247stiri.ro\/index.php\/wp-json\/wp\/v2\/media?parent=26182"}],"wp:term":[{"taxonomy":"category","embeddable":true,"href":"https:\/\/247stiri.ro\/index.php\/wp-json\/wp\/v2\/categories?post=26182"},{"taxonomy":"post_tag","embeddable":true,"href":"https:\/\/247stiri.ro\/index.php\/wp-json\/wp\/v2\/tags?post=26182"}],"curies":[{"name":"wp","href":"https:\/\/api.w.org\/{rel}","templated":true}]}}