{"id":26184,"date":"2025-01-24T07:44:52","date_gmt":"2025-01-24T07:44:52","guid":{"rendered":"https:\/\/247stiri.ro\/index.php\/2025\/01\/24\/ancheta-penala-intr-o-scoala-din-romania-directorul-este-acuzat-ca-i-a-trimis-poze-nud-unei-eleve\/"},"modified":"2025-01-24T07:44:52","modified_gmt":"2025-01-24T07:44:52","slug":"ancheta-penala-intr-o-scoala-din-romania-directorul-este-acuzat-ca-i-a-trimis-poze-nud-unei-eleve","status":"publish","type":"post","link":"https:\/\/247stiri.ro\/index.php\/2025\/01\/24\/ancheta-penala-intr-o-scoala-din-romania-directorul-este-acuzat-ca-i-a-trimis-poze-nud-unei-eleve\/","title":{"rendered":"Anchet\u0103 penal\u0103 \u00eentr-o \u0219coal\u0103 din Rom\u00e2nia. Directorul este acuzat c\u0103 i-a trimis poze nud unei eleve"},"content":{"rendered":"<p>Cum s-a \u00eent\u00e2mplat totul<\/p>\n<p>Directorul \u0219colii ar fi trimis mai multe poze \u00een care este complet dezbr\u0103cat, iar fotografiile au ajuns ulterior pe grupurile elevilor. Situa\u021bia i-a alarmat pe p\u0103rin\u021bi \u0219i \u00eel acuz\u0103 pe directorul de 60 de ani de mai multe fapte.<\/p>\n<p><a href=\"https:\/\/www.realitatea.net\/stiri\/extern\/scandal-in-politica-nepotul-unui-presedinte-a-fost-filmat-in-ipostaze-intime-cu-sotiile-unor-persoane-influente_6731f4c4096448239d6e3ed2\" target=\"_blank\">Individul neag\u0103<\/a> c\u0103 a trimis acele poze \u0219i a\u0219tepta cu sufletul la gur\u0103 s\u0103 afle dac\u0103 mai poate preda \u00een institu\u021bia pe care a condus-o. Fotografii compromi\u021b\u0103toare cu directorul circul\u0103 de peste dou\u0103 zile pe diverse grupuri de WhatsApp, st\u00e2rnind revolta p\u0103rin\u021bilor, care solicit\u0103 interven\u021bia urgent\u0103 a oamenilor legii.<\/p>\n<p>P\u0103rin\u021bii spun c\u0103 ini\u021bial, imaginile au fost trimise unei eleve de gimnaziu din Falc\u0103u, chiar la clasa la care fostul director preda fizica.<\/p>\n<p><a href=\"https:\/\/www.realitatea.net\/stiri\/actual\/tanar-de-28-de-ani-cercetat-pentru-pornografie-infantila-a-convins-o-copila-de-doar-11-ani-sa-ii-trimita-poze-indecente_67121491a0c491515f305552\" target=\"_blank\">Minora a dezv\u0103luit imediat<\/a> incidentul, de\u0219i b\u0103rbatul a rugat-o s\u0103 fie totul discret. \u00cen imagini, el apare complet nud, \u00een mai multe ipostaze, \u00een dormitor, baie, dar cu chipul la vedere.<\/p>\n<p>P\u0103rin\u021bii sunt revolta\u021bi<\/p>\n<p>\u201eNu sunt unul dintre p\u0103rin\u021bii care ar fi avut o feti\u021b\u0103 abuzat\u0103, dar am fost eu la r\u00e2ndul meu abuzat\u0103 de el la \u0219coal\u0103, cu ani \u00een urm\u0103. I s-au f\u0103cut foarte multe pl\u00e2ngeri, dar erau vremurile acelea c\u00e2nd, Doamne iart\u0103-m\u0103, le era ru\u0219ine.<\/p>\n<p>Dar fiind la sat, \u0219ti\u021bi cum e, p\u0103rin\u021bii se tem de primar, de preot, adic\u0103 atunci nu a avut nimeni curajul. De pozele astea pornografice s-a auzit de mult, doar c\u0103, din p\u0103cate, nu are p\u0103rin\u021bii potrivi\u021bi care s\u0103 o sus\u021bin\u0103\u201d, a m\u0103rturisit una dintre m\u0103mici, potrivit unui site de \u0219tiri.<\/p>\n<p>\u201eDirectorul nu este la prima abatere, a avut multe derapaje, dar a fost sus\u021binut politic, este din PNL, \u0219i nu s-au luat m\u0103suri. Sunt sesiz\u0103ri din 2007 cu privire la comportamentul lui, inclusiv la Direc\u021bia de Asisten\u021b\u0103 Social\u0103 \u0219i Protec\u021bia Copilului. Imaginile le \u0219tie tot satul. El este un om vulcanic, cu multe apuc\u0103turi cum nu trebuie, elevii se tem de el. Din c\u00e2te am auzit, \u0219i-a dat demisia dup\u0103 acest scandal sau urmeaz\u0103\u201d, a completat un alt p\u0103rinte pentru monitorulsv.ro.<\/p>\n<p>\u201eDirectorul \u0219i-a dat demisia. Luni diminea\u021b\u0103, la prima or\u0103, o s\u0103 fie numit un nou director. La nivelul \u0219colii o s\u0103 fie realizat\u0103 o cercetare pentru a dispune o m\u0103sur\u0103 \u00een cazul \u00een care cele ap\u0103rute \u00een pres\u0103 se dovedesc ca fiind adev\u0103rate, inclusiv suspendarea de la ore, \u0219i o s\u0103 fie sesizat Parchetul\u201d, a transmis Cezar Anu\u021bei, purt\u0103torul de cuv\u00e2nt al ISJ Suceava.\u00a0<\/p>","protected":false},"excerpt":{"rendered":"<p>Cum s-a \u00eent\u00e2mplat totul Directorul \u0219colii ar fi trimis mai multe poze \u00een care este&hellip;<\/p>\n","protected":false},"author":0,"featured_media":26185,"comment_status":"open","ping_status":"open","sticky":false,"template":"","format":"standard","meta":{"footnotes":""},"categories":[2],"tags":[],"class_list":["post-26184","post","type-post","status-publish","format-standard","has-post-thumbnail","hentry","category-actual"],"_links":{"self":[{"href":"https:\/\/247stiri.ro\/index.php\/wp-json\/wp\/v2\/posts\/26184","targetHints":{"allow":["GET"]}}],"collection":[{"href":"https:\/\/247stiri.ro\/index.php\/wp-json\/wp\/v2\/posts"}],"about":[{"href":"https:\/\/247stiri.ro\/index.php\/wp-json\/wp\/v2\/types\/post"}],"replies":[{"embeddable":true,"href":"https:\/\/247stiri.ro\/index.php\/wp-json\/wp\/v2\/comments?post=26184"}],"version-history":[{"count":0,"href":"https:\/\/247stiri.ro\/index.php\/wp-json\/wp\/v2\/posts\/26184\/revisions"}],"wp:featuredmedia":[{"embeddable":true,"href":"https:\/\/247stiri.ro\/index.php\/wp-json\/wp\/v2\/media\/26185"}],"wp:attachment":[{"href":"https:\/\/247stiri.ro\/index.php\/wp-json\/wp\/v2\/media?parent=26184"}],"wp:term":[{"taxonomy":"category","embeddable":true,"href":"https:\/\/247stiri.ro\/index.php\/wp-json\/wp\/v2\/categories?post=26184"},{"taxonomy":"post_tag","embeddable":true,"href":"https:\/\/247stiri.ro\/index.php\/wp-json\/wp\/v2\/tags?post=26184"}],"curies":[{"name":"wp","href":"https:\/\/api.w.org\/{rel}","templated":true}]}}