{"id":26186,"date":"2025-01-24T07:44:52","date_gmt":"2025-01-24T07:44:52","guid":{"rendered":"https:\/\/247stiri.ro\/index.php\/2025\/01\/24\/mesajul-presedintelui-ilegitim-de-ziua-unirii-faraonul-iohannis-sta-ascuns-de-teama-romanilor\/"},"modified":"2025-01-24T07:44:52","modified_gmt":"2025-01-24T07:44:52","slug":"mesajul-presedintelui-ilegitim-de-ziua-unirii-faraonul-iohannis-sta-ascuns-de-teama-romanilor","status":"publish","type":"post","link":"https:\/\/247stiri.ro\/index.php\/2025\/01\/24\/mesajul-presedintelui-ilegitim-de-ziua-unirii-faraonul-iohannis-sta-ascuns-de-teama-romanilor\/","title":{"rendered":"Mesajul pre\u0219edintelui ilegitim de Ziua Unirii. Faraonul Iohannis st\u0103 ascuns de teama rom\u00e2nilor"},"content":{"rendered":"<p>&#8222;S\u0103b\u0103torim ast\u0103zi, cu emo\u021bie \u0219i recuno\u0219tin\u021b\u0103, 166 de ani de la Unirea Principatelor Rom\u00e2ne, eveniment istoric major, care a marcat decisiv destinul na\u021biunii rom\u00e2ne \u0219i a creat fundamentul pentru constituirea statului rom\u00e2n modern.<\/p>\n<p>Aceast\u0103 s\u0103rb\u0103toare ne ofer\u0103 prilejul de a aduce un pios omagiu tuturor celor care au promovat idealurile unioniste, care au ac\u021bionat pentru atingerea acestora, des\u0103v\u00e2r\u0219ind astfel \u00eenf\u0103ptuirea Unirii Principatelor. Ne \u00eenclin\u0103m cu recuno\u0219tin\u021b\u0103 \u0219i \u00een fa\u021ba celor care au luptat \u0219i s-au sacrificat pentru edificarea statului rom\u00e2n modern.<\/p>\n<p>(&#8230;)<\/p>\n<p>Ast\u0103zi, la fel ca \u00een urm\u0103 cu 166 de ani, Rom\u00e2nia se afl\u0103 \u00een fa\u021ba unor multiple provoc\u0103ri, la care trebuie s\u0103 g\u0103sim cele mai bune solu\u021bii pentru ca modernizarea statului rom\u00e2n s\u0103 continue, iar prosperitatea \u0219i bun\u0103starea cet\u0103\u021benilor s\u0103 r\u0103m\u00e2n\u0103 garantate.<\/p>\n<p>(&#8230;)<\/p>\n<p>Cu hot\u0103r\u00e2re \u0219i curaj, genera\u021biile recente au dus mai departe proiectul consolid\u0103rii Rom\u00e2niei, \u00eendeplinind astfel obiectivele strategice prioritare de a face parte din Uniunea European\u0103 \u0219i din NATO, cea mai puternic\u0103 alian\u021b\u0103 politic\u0103 \u0219i militar\u0103 din istorie.<\/p>\n<p>\u00cen actualul context politic complicat, Hora Unirii, simbolul momentului istoric major de la 1859, reprezint\u0103 o semnificativ\u0103 metafor\u0103 a nevoii de solidaritate, toleran\u021b\u0103 \u0219i empatie \u00een fa\u021ba situa\u021biilor de criz\u0103. <\/p>\n<p>De aceea ast\u0103zi, de Ziua Unirii Principatelor Rom\u00e2ne, s\u0103 celebr\u0103m proiectul nostru na\u021bional de unitate \u0219i s\u0103 nu uit\u0103m c\u0103 democra\u021bia \u0219i libertatea trebuie permanent ap\u0103rate, iar drepturile \u0219i libert\u0103\u021bile cet\u0103\u021bene\u0219ti respectate zi de zi pentru a nu c\u0103dea prad\u0103 populismului \u0219i extremismului&#8221;, a scris Klaus Iohannis.<\/p>\n<p>Mesajul integral poate fi cititi<a href=\"https:\/\/www.presidency.ro\/ro\/media\/mesajul-presedintelui-romaniei-klaus-iohannis-transmis-cu-prilejul-zilei-unirii-principatelor-romane\" target=\"_blank\"> AICI.\u00a0<\/a><\/p>","protected":false},"excerpt":{"rendered":"<p>&#8222;S\u0103b\u0103torim ast\u0103zi, cu emo\u021bie \u0219i recuno\u0219tin\u021b\u0103, 166 de ani de la Unirea Principatelor Rom\u00e2ne, eveniment&hellip;<\/p>\n","protected":false},"author":0,"featured_media":26187,"comment_status":"open","ping_status":"open","sticky":false,"template":"","format":"standard","meta":{"footnotes":""},"categories":[2],"tags":[],"class_list":["post-26186","post","type-post","status-publish","format-standard","has-post-thumbnail","hentry","category-actual"],"_links":{"self":[{"href":"https:\/\/247stiri.ro\/index.php\/wp-json\/wp\/v2\/posts\/26186","targetHints":{"allow":["GET"]}}],"collection":[{"href":"https:\/\/247stiri.ro\/index.php\/wp-json\/wp\/v2\/posts"}],"about":[{"href":"https:\/\/247stiri.ro\/index.php\/wp-json\/wp\/v2\/types\/post"}],"replies":[{"embeddable":true,"href":"https:\/\/247stiri.ro\/index.php\/wp-json\/wp\/v2\/comments?post=26186"}],"version-history":[{"count":0,"href":"https:\/\/247stiri.ro\/index.php\/wp-json\/wp\/v2\/posts\/26186\/revisions"}],"wp:featuredmedia":[{"embeddable":true,"href":"https:\/\/247stiri.ro\/index.php\/wp-json\/wp\/v2\/media\/26187"}],"wp:attachment":[{"href":"https:\/\/247stiri.ro\/index.php\/wp-json\/wp\/v2\/media?parent=26186"}],"wp:term":[{"taxonomy":"category","embeddable":true,"href":"https:\/\/247stiri.ro\/index.php\/wp-json\/wp\/v2\/categories?post=26186"},{"taxonomy":"post_tag","embeddable":true,"href":"https:\/\/247stiri.ro\/index.php\/wp-json\/wp\/v2\/tags?post=26186"}],"curies":[{"name":"wp","href":"https:\/\/api.w.org\/{rel}","templated":true}]}}