{"id":2621,"date":"2024-10-28T20:45:53","date_gmt":"2024-10-28T20:45:53","guid":{"rendered":"https:\/\/247stiri.ro\/index.php\/2024\/10\/28\/nicolae-ciuca-are-doua-carti-de-capatai-astea-sunt-cele-care-trebuie-sa-ne-indrume-in-orice-decizie-si-in-orice-activitate\/"},"modified":"2024-10-28T20:45:53","modified_gmt":"2024-10-28T20:45:53","slug":"nicolae-ciuca-are-doua-carti-de-capatai-astea-sunt-cele-care-trebuie-sa-ne-indrume-in-orice-decizie-si-in-orice-activitate","status":"publish","type":"post","link":"https:\/\/247stiri.ro\/index.php\/2024\/10\/28\/nicolae-ciuca-are-doua-carti-de-capatai-astea-sunt-cele-care-trebuie-sa-ne-indrume-in-orice-decizie-si-in-orice-activitate\/","title":{"rendered":"Nicolae Ciuc\u0103 are dou\u0103 \u201ec\u0103r\u0163i de c\u0103p\u0103t\u00e2i\u201d: \u201eAstea sunt cele care trebuie s\u0103 ne \u00eendrume \u00een orice decizie \u015fi \u00een orice activitate\u201d"},"content":{"rendered":"<p>\u201eSunt c\u0103r\u0163ile de c\u0103p\u0103t\u00e2i. Una este cartea de c\u0103p\u0103t\u00e2i a credin\u0163ei noastre, Biblia \u015fi cealalt\u0103 este Constitu\u0163ia. Este cartea dec\u0103p\u0103t\u00e2i a democra\u0163iei\u201d, a declarat Nicolae Ciuc\u0103.<\/p>\n<p>\u201eAtunci c\u00e2nd mi-am \u00eenceput cariera militar\u0103, am jurat credin\u0163\u0103 \u0163\u0103rii \u00een fa\u0163a Drapelului de Lupt\u0103, dup\u0103 aceea ca \u00a0ministru, ca prim-ministru, am jurat s\u0103 \u00eemi fac datoria fa\u0163\u0103 de \u0163ar\u0103, cu m\u00e2na pe Biblie \u015fi pe Constitu\u0163ie. Astea sunt cele care trebuie s\u0103 ne \u00eendrume \u00een orice decizie \u015fi \u00een orice activitate, \u00een orice pozi\u0163ie de leadership vom avea fiecare dintre noi \u015fi s\u0103 nu uit\u0103m c\u0103 suntem trec\u0103tori \u00een aceste pozi\u0163ii, iar datoria noastr\u0103 este s\u0103 facem ceea ce avem de f\u0103cut pentru oameni, nu pentru noi\u201d, a precizat Nicolae Ciuc\u0103.<\/p>\n<p><a href=\"https:\/\/www.news.ro\/social\/nicolae-ciuca-a-venit-la-dezbaterea-electorala-cu-doua-carti-de-capatai-biblia-si-constitutia-1922401528002024102121817491\" target=\"_blank\" rel=\"noopener\">Nicolae Ciuc\u0103, \u00eentrebat de Marcel Ciolacu dac\u0103 a fost membru al PCR: \u201eNu am fost niciodat\u0103 comunist\u201d<\/a><\/p>","protected":false},"excerpt":{"rendered":"<p>\u201eSunt c\u0103r\u0163ile de c\u0103p\u0103t\u00e2i. Una este cartea de c\u0103p\u0103t\u00e2i a credin\u0163ei noastre, Biblia \u015fi cealalt\u0103&hellip;<\/p>\n","protected":false},"author":0,"featured_media":2616,"comment_status":"open","ping_status":"open","sticky":false,"template":"","format":"standard","meta":{"footnotes":""},"categories":[2],"tags":[],"class_list":["post-2621","post","type-post","status-publish","format-standard","has-post-thumbnail","hentry","category-actual"],"_links":{"self":[{"href":"https:\/\/247stiri.ro\/index.php\/wp-json\/wp\/v2\/posts\/2621","targetHints":{"allow":["GET"]}}],"collection":[{"href":"https:\/\/247stiri.ro\/index.php\/wp-json\/wp\/v2\/posts"}],"about":[{"href":"https:\/\/247stiri.ro\/index.php\/wp-json\/wp\/v2\/types\/post"}],"replies":[{"embeddable":true,"href":"https:\/\/247stiri.ro\/index.php\/wp-json\/wp\/v2\/comments?post=2621"}],"version-history":[{"count":0,"href":"https:\/\/247stiri.ro\/index.php\/wp-json\/wp\/v2\/posts\/2621\/revisions"}],"wp:featuredmedia":[{"embeddable":true,"href":"https:\/\/247stiri.ro\/index.php\/wp-json\/wp\/v2\/media\/2616"}],"wp:attachment":[{"href":"https:\/\/247stiri.ro\/index.php\/wp-json\/wp\/v2\/media?parent=2621"}],"wp:term":[{"taxonomy":"category","embeddable":true,"href":"https:\/\/247stiri.ro\/index.php\/wp-json\/wp\/v2\/categories?post=2621"},{"taxonomy":"post_tag","embeddable":true,"href":"https:\/\/247stiri.ro\/index.php\/wp-json\/wp\/v2\/tags?post=2621"}],"curies":[{"name":"wp","href":"https:\/\/api.w.org\/{rel}","templated":true}]}}