{"id":26230,"date":"2025-01-24T09:48:08","date_gmt":"2025-01-24T09:48:08","guid":{"rendered":"https:\/\/247stiri.ro\/index.php\/2025\/01\/24\/unde-s-a-angajat-prietenul-romanilor-karl-nehammer-dupa-ce-s-a-retras-din-functia-de-cancelar-al-austriei\/"},"modified":"2025-01-24T09:48:08","modified_gmt":"2025-01-24T09:48:08","slug":"unde-s-a-angajat-prietenul-romanilor-karl-nehammer-dupa-ce-s-a-retras-din-functia-de-cancelar-al-austriei","status":"publish","type":"post","link":"https:\/\/247stiri.ro\/index.php\/2025\/01\/24\/unde-s-a-angajat-prietenul-romanilor-karl-nehammer-dupa-ce-s-a-retras-din-functia-de-cancelar-al-austriei\/","title":{"rendered":"Unde s-a angajat \u201eprietenul\u201d rom\u00e2nilor, Karl Nehammer, dup\u0103 ce s-a retras din func\u021bia de cancelar al Austriei"},"content":{"rendered":"<p>Karl Nehammer, fost cancelar al Austriei, a anun\u021bat c\u0103 \u00ee\u0219i va \u00eencheia cariera politic\u0103 activ\u0103 \u0219i va \u00eencepe un nou capitol \u00een cariera sa profesional\u0103, pun\u00e2nd astfel cap\u0103t specula\u021biilor privind viitorul s\u0103u.<\/p>\n<p>Liderul demisionar al Partidului Popular Austriac (\u00d6VP), \u00een v\u00e2rst\u0103 de 52 de ani, a decis s\u0103 devin\u0103 consultant strategic \u0219i a \u00eenfiin\u021bat propria sa firm\u0103, Nehammer Consulting GmbH. Conform publica\u021biei austriece \u201eDie Presse\u201d, compania a fost deja \u00eenregistrat\u0103 oficial, iar Nehammer este singurul ac\u021bionar.<\/p>\n<p>Av\u00e2nd o experien\u021b\u0103 vast\u0103 \u00een politic\u0103 \u0219i o preg\u0103tire solid\u0103 \u00een domeniul comunic\u0103rii, Karl Nehammer \u00ee\u0219i propune s\u0103 ofere servicii de consultan\u021b\u0103 strategic\u0103 \u0219i consiliere general\u0103, concentr\u00e2ndu-se pe aplicarea abilit\u0103\u021bilor dob\u00e2ndite \u00een anii petrecu\u021bi \u00een politic\u0103. Aceast\u0103 schimbare de direc\u021bie marcheaz\u0103 pentru fostul lider al \u00d6VP o tranzi\u021bie c\u0103tre sectorul privat, dup\u0103 ce, mar\u021bi, \u0219i-a luat oficial r\u0103mas bun de la activitatea politic\u0103 activ\u0103.<\/p>\n<p>\u00centr-un gest simbolic, Nehammer a semnat actul de demisie din func\u021bia de parlamentar chiar la masa din sufrageria apartamentului s\u0103u.<\/p>\n<p>\u201eO nou\u0103 faz\u0103 a vie\u021bii \u00eencepe pentru mine ast\u0103zi. Prin demisia din mandatul meu de Consiliu Na\u021bional, \u00eemi \u00eenchei activitatea politic\u0103 activ\u0103. Sunt foarte recunosc\u0103tor pentru numeroasele \u00eent\u00e2lniri \u0219i prietenii care s-au dezvoltat \u00een acest timp, inclusiv peste liniile de partid. Eu \u0219i familia mea a\u0219tept\u0103m cu ner\u0103bdare noua noastr\u0103 via\u021b\u0103,\u201d a declarat Nehammer \u00eentr-un mesaj adresat publicului,&#8221; a scris acesta.\u00a0<\/p>\n<p><a title=\"A fost numit noul cancelar interimar al Austriei. Cine ii va lua locul celui care a pus bete in roate intrarii Romaniei in Schengen \" href=\"https:\/\/www.realitatea.net\/stiri\/actual\/a-fost-numit-noul-cancelar-interimar-al-austriei-cine-ii-va-lua-locul-celui-care-a-pus-bete-in-roate-intrarii-romaniei-in-schengen_677e5b05b6869f4af2668d72\">A fost numit noul cancelar interimar al Austriei. Cine \u00eei va lua locul celui care a pus be\u021be \u00een roate intr\u0103rii Rom\u00e2niei \u00een Schengen<\/a><\/p>\n<p>Mandatul lui Karl Nehammer \u00een Consiliul Na\u021bional a fost preluat de Johanna Jachs, o avocat\u0103 \u00een v\u00e2rst\u0103 de 33 de ani, care are deja o experien\u021b\u0103 parlamentar\u0103 din perioada 2017 p\u00e2n\u0103 la alegerile legislative din 2023. Jachs a fost aleas\u0103 s\u0103 continue activitatea politic\u0103 \u00een locul fostului cancelar, marc\u00e2nd astfel o schimbare de genera\u021bie \u00een cadrul \u00d6VP.<\/p>\n<p>Karl Nehammer a decis s\u0103 \u00ee\u0219i \u00eencheie cariera politic\u0103 dup\u0103 ce nu a reu\u0219it s\u0103 formeze un nou guvern. Dup\u0103 alegerile pentru Consiliul Na\u021bional, pre\u0219edintele federal Alexander Van der Bellen l-a desemnat pe Nehammer s\u0103 negocieze o coali\u021bie guvernamental\u0103. \u00cens\u0103, discu\u021biile cu Partidul Social Democrat (SP\u00d6) \u0219i cu NEOS au e\u0219uat din cauza problemelor bugetare. \u00cen aceast\u0103 situa\u021bie, Nehammer a anun\u021bat \u00een ianuarie 2024 c\u0103 renun\u021b\u0103 at\u00e2t la func\u021bia de cancelar, c\u00e2t \u0219i la cea de lider al \u00d6VP.<\/p>\n<p>Aceast\u0103 alegere a marcat sf\u00e2r\u0219itul unei cariere politice pline de provoc\u0103ri. De\u0219i Nehammer a fost un lider controversat, at\u00e2t sus\u021bin\u0103torii, c\u00e2t \u0219i criticii s\u0103i recunosc implicarea sa activ\u0103 \u00een procesul politic din Austria. \u00cen ciuda e\u0219ecului \u00een negocierile de coali\u021bie, fostul cancelar a decis s\u0103 \u00ee\u0219i deschid\u0103 un nou capitol, l\u0103s\u00e2nd \u00een urm\u0103 politica pentru a se dedica unei cariere \u00een consultan\u021b\u0103. Printre momentele semnificative ale mandatului s\u0103u de cancelar se num\u0103r\u0103 \u0219i aderarea Rom\u00e2niei la Schengen, dup\u0103 ce anterior a avut o pozi\u021bie ferm\u0103 \u00eempotriva acestui demers.<\/p>\n<p><a title='Karl Nehammer, cancelarul de la Viena care i-a tinut pe romani la \"portile\" Schengen, isi face bagajele. Retragere umilitoare, cu coada intre picioare' href=\"https:\/\/www.realitatea.net\/stiri\/actual\/karl-nehammer-cancelarul-de-la-viena-care-ia-tinut-pe-romani-la-portile-schengen-isi-face-bagajele-retragere-umilitoare-cu-coada-intre-picioare_6783997413c75a48a26a10c9\">Karl Nehammer, cancelarul de la Viena care i-a \u021binut pe rom\u00e2ni la &#8222;por\u021bile&#8221; Schengen, \u00ee\u0219i face bagajele. Retragere umilitoare, cu coada \u00eentre picioare<\/a><\/p>","protected":false},"excerpt":{"rendered":"<p>Karl Nehammer, fost cancelar al Austriei, a anun\u021bat c\u0103 \u00ee\u0219i va \u00eencheia cariera politic\u0103 activ\u0103&hellip;<\/p>\n","protected":false},"author":0,"featured_media":26220,"comment_status":"open","ping_status":"open","sticky":false,"template":"","format":"standard","meta":{"footnotes":""},"categories":[2],"tags":[],"class_list":["post-26230","post","type-post","status-publish","format-standard","has-post-thumbnail","hentry","category-actual"],"_links":{"self":[{"href":"https:\/\/247stiri.ro\/index.php\/wp-json\/wp\/v2\/posts\/26230","targetHints":{"allow":["GET"]}}],"collection":[{"href":"https:\/\/247stiri.ro\/index.php\/wp-json\/wp\/v2\/posts"}],"about":[{"href":"https:\/\/247stiri.ro\/index.php\/wp-json\/wp\/v2\/types\/post"}],"replies":[{"embeddable":true,"href":"https:\/\/247stiri.ro\/index.php\/wp-json\/wp\/v2\/comments?post=26230"}],"version-history":[{"count":0,"href":"https:\/\/247stiri.ro\/index.php\/wp-json\/wp\/v2\/posts\/26230\/revisions"}],"wp:featuredmedia":[{"embeddable":true,"href":"https:\/\/247stiri.ro\/index.php\/wp-json\/wp\/v2\/media\/26220"}],"wp:attachment":[{"href":"https:\/\/247stiri.ro\/index.php\/wp-json\/wp\/v2\/media?parent=26230"}],"wp:term":[{"taxonomy":"category","embeddable":true,"href":"https:\/\/247stiri.ro\/index.php\/wp-json\/wp\/v2\/categories?post=26230"},{"taxonomy":"post_tag","embeddable":true,"href":"https:\/\/247stiri.ro\/index.php\/wp-json\/wp\/v2\/tags?post=26230"}],"curies":[{"name":"wp","href":"https:\/\/api.w.org\/{rel}","templated":true}]}}