{"id":26231,"date":"2025-01-24T09:48:08","date_gmt":"2025-01-24T09:48:08","guid":{"rendered":"https:\/\/247stiri.ro\/index.php\/2025\/01\/24\/diaspora-se-uneste-romanii-vor-dreptate-vrem-turul-doi-inapoi-vrem-democratie\/"},"modified":"2025-01-24T09:48:08","modified_gmt":"2025-01-24T09:48:08","slug":"diaspora-se-uneste-romanii-vor-dreptate-vrem-turul-doi-inapoi-vrem-democratie","status":"publish","type":"post","link":"https:\/\/247stiri.ro\/index.php\/2025\/01\/24\/diaspora-se-uneste-romanii-vor-dreptate-vrem-turul-doi-inapoi-vrem-democratie\/","title":{"rendered":"Diaspora se une\u0219te. Rom\u00e2nii vor dreptate: \u201eVrem turul doi \u00eenapoi, vrem democra\u021bie!\u201d"},"content":{"rendered":"<p>Diaspora se une\u0219te: \u201eAl\u0103tur\u0103-te nou\u0103 \u00een lupta pentru \u021bar\u0103!\u201d<\/p>\n<p>\u201eDragii mei&#8230;primul pas, rom\u00e2ni, haide\u021bi s\u0103 fim demni \u0219i s\u0103 ne lu\u0103m \u021bara \u00eenapoi. Vom uni diaspora cu \u021bara pentru ca noi suntem poporu!\u201d, a transmis Cre\u021ban Cristina, <a href=\"https:\/\/www.realitatea.net\/stiri\/politica\/poporul-se-revolta-de-ziua-unirii-principatelor-30000-de-persoane-nemultumite-de-ordonanta-trenulet-sunt-asteptate-in-piata-victoriei_67932b0283770931544ebf32\" target=\"_blank\">o rom\u00e2nc\u0103 din Italia.<\/a><\/p>\n<p>\u201eDup\u0103 ce au jefuit \u021bara 35 de ani vrem s\u0103 afl\u0103m adev\u0103rul, vrem \u021bara \u00eenapoi, nu mai vrem cenzur\u0103!\u201d, a spus Predoan\u0103 Cosmin, un rom\u00e2n din Fran\u021ba.<\/p>\n<p>\u201eUn popor hot\u0103r\u00e2t nu poate fi oprit, al\u0103tur\u0103-te nou\u0103 pentru lupta pentru dreptate \u0219i democra\u021bie, acesta este un nou \u00eenceput.\u201d, a completat Nistor Andrei, un rom\u00e2n din Anglia.<\/p>\n<p>\u201eLupta de ast\u0103zi va inspira genera\u021biile de m\u00e2ine, nu renun\u021b\u0103m la libertate, \u00eempreun\u0103 pentru Rom\u00e2nia! Cu fiecare pas curajos.\u201d, transmite Ferris S\u00e2nziana, o rom\u00e2nc\u0103 din Norvegia.<\/p>\n<p>\u201eDragi rom\u00e2ni, solidaritatea e cea mai mare putere, suntem departe de \u021bar\u0103, dar nu trece o secund\u0103 f\u0103r\u0103 s\u0103 ne g\u00e2ndim la patria noastr\u0103, Rom\u00e2nia. Schimbarea \u00eencepe cu fiecare dintre noi.\u201d, a m\u0103rturisit Nastor Geanina, o rom\u00e2nc\u0103 din Belgia.<\/p>\n<p>\u201eSuntem o na\u021biune cu o istorie plin\u0103 de curaj, de aceea Rom\u00e2nia trebuie condus\u0103 cu respect \u0219i responsabilitate, \u00eempreun\u0103 vom face ca vocea fiec\u0103rui rom\u00e2n s\u0103 fie auzit\u0103!\u201d, afirm\u0103 Sebastian Teodoru, un rom\u00e2n stabilit \u00een SUA.<\/p>\n<p>\u201eNu mai sta pe margine, e timpul s\u0103 ne unim, fi \u0219i tu parte din marea schimbare. Turul doi \u00eenapoi!\u201d, a \u00eencheiat Ne\u021boiu Mihaela, <a href=\"https:\/\/www.realitatea.net\/stiri\/politica\/marea-unire-a-neamului-in-zi-de-mare-sarbatoare-calin-georgescu-va-fi-alaturi-de-poporul-roman-mii-de-oamenii-din-nou-in-strada_6793272e1b07dc14522990d2\" target=\"_blank\">o rom\u00e2nc\u0103 plecat\u0103 \u00een Spania.<\/a><\/p>","protected":false},"excerpt":{"rendered":"<p>Diaspora se une\u0219te: \u201eAl\u0103tur\u0103-te nou\u0103 \u00een lupta pentru \u021bar\u0103!\u201d \u201eDragii mei&#8230;primul pas, rom\u00e2ni, haide\u021bi s\u0103&hellip;<\/p>\n","protected":false},"author":0,"featured_media":26232,"comment_status":"open","ping_status":"open","sticky":false,"template":"","format":"standard","meta":{"footnotes":""},"categories":[2],"tags":[],"class_list":["post-26231","post","type-post","status-publish","format-standard","has-post-thumbnail","hentry","category-actual"],"_links":{"self":[{"href":"https:\/\/247stiri.ro\/index.php\/wp-json\/wp\/v2\/posts\/26231","targetHints":{"allow":["GET"]}}],"collection":[{"href":"https:\/\/247stiri.ro\/index.php\/wp-json\/wp\/v2\/posts"}],"about":[{"href":"https:\/\/247stiri.ro\/index.php\/wp-json\/wp\/v2\/types\/post"}],"replies":[{"embeddable":true,"href":"https:\/\/247stiri.ro\/index.php\/wp-json\/wp\/v2\/comments?post=26231"}],"version-history":[{"count":0,"href":"https:\/\/247stiri.ro\/index.php\/wp-json\/wp\/v2\/posts\/26231\/revisions"}],"wp:featuredmedia":[{"embeddable":true,"href":"https:\/\/247stiri.ro\/index.php\/wp-json\/wp\/v2\/media\/26232"}],"wp:attachment":[{"href":"https:\/\/247stiri.ro\/index.php\/wp-json\/wp\/v2\/media?parent=26231"}],"wp:term":[{"taxonomy":"category","embeddable":true,"href":"https:\/\/247stiri.ro\/index.php\/wp-json\/wp\/v2\/categories?post=26231"},{"taxonomy":"post_tag","embeddable":true,"href":"https:\/\/247stiri.ro\/index.php\/wp-json\/wp\/v2\/tags?post=26231"}],"curies":[{"name":"wp","href":"https:\/\/api.w.org\/{rel}","templated":true}]}}