{"id":26233,"date":"2025-01-24T09:48:09","date_gmt":"2025-01-24T09:48:09","guid":{"rendered":"https:\/\/247stiri.ro\/index.php\/2025\/01\/24\/ue-se-declara-deschisa-negocierilor-cu-trump-dupa-o-perioada-marcata-de-tensiuni-si-conflicte-comerciale\/"},"modified":"2025-01-24T09:48:09","modified_gmt":"2025-01-24T09:48:09","slug":"ue-se-declara-deschisa-negocierilor-cu-trump-dupa-o-perioada-marcata-de-tensiuni-si-conflicte-comerciale","status":"publish","type":"post","link":"https:\/\/247stiri.ro\/index.php\/2025\/01\/24\/ue-se-declara-deschisa-negocierilor-cu-trump-dupa-o-perioada-marcata-de-tensiuni-si-conflicte-comerciale\/","title":{"rendered":"UE se declar\u0103 deschis\u0103 negocierilor cu Trump, dup\u0103 o perioad\u0103 marcat\u0103 de tensiuni \u0219i conflicte comerciale"},"content":{"rendered":"<p>&#8216;Suntem preg\u0103ti\u021bi s\u0103 discut\u0103m cu noua administra\u021bie cum ne putem consolida rela\u021biile, fie c\u0103 este vorba despre energie, ap\u0103rare, comer\u021b (&#8230;) sau orice alt sector&#8217;, a asigurat Neliupsiene \u00eentr-un discurs \u00een fa\u021ba presei.&#8217;Din punctul de vedere al Statelor Unite, UE ne trateaz\u0103 foarte nedrept, foarte r\u0103u&#8217;, a declarat Donald Trump mai devreme, \u00eentr-un discurs la Forumul Economic Mondial de la Davos, \u00een Elve\u021bia.&#8217;Men\u021binem rela\u021bii comerciale \u0219i de investi\u021bii str\u00e2nse, coordonate \u0219i echilibrate&#8217;, a remarcat ambasadoarea UE.Donald Trump a acuzat \u00een special blocul c\u0103 impune SUA &#8216;taxe \u0219i taxe vamale&#8217; Statelor Unite, care &#8216;\u00eengreuneaz\u0103 foarte mult importul produselor \u00een Europa&#8217;, \u00een timp ce cei 27 &#8216;\u00ee\u0219i v\u00e2nd produsele \u00een Statele Unite&#8217;.<\/p>\n<p><a title='Politicile economice ale lui Trump genereaza ingrijorare printre economistii europeni: ,,Suntem in criza\"' href=\"https:\/\/www.realitatea.net\/stiri\/actual\/politicile-economice-ale-lui-trump-genereaza-ingrijorare-printre-economistii-europeni-ne-confruntam-cu-o-criza-existentiala_67925f4f664b9d29222a07d2\">Politicile economice ale lui Trump genereaz\u0103 \u00eengrijorare printre economi\u0219tii europeni: \u201eSuntem \u00een criz\u0103\u201d<\/a>\u00cen r\u0103spuns, ambasadoarea UE a mai men\u021bionat \u00eentre altele c\u0103 Uniunea European\u0103 este &#8216;cel mai mare consumator de gaz natural lichefiat american&#8217; \u0219i c\u0103 &#8216;europenii sunt printre cei mai mari consumatori de m\u0103rci americane, ca Tesla \u0219i Apple&#8217;.&#8217;\u00cen acela\u0219i timp, UE se num\u0103r\u0103 printre primele trei destina\u021bii de export pentru 46 de state americane, iar investi\u021biile UE la nivel na\u021bional sus\u021bin milioane de locuri de munc\u0103 din SUA&#8217;, a subliniat ea.<\/p>\n<p>Cu o zi \u00een urm\u0103, Christine Lagarde, pre\u0219edintele B\u0103ncii Centrale Europene (BCE), a criticat ini\u021biativa pre\u0219edintelui american, Donald Trump, de a introduce taxe vamale, solicit\u00e2nd Uniunii Europene s\u0103 se preg\u0103teasc\u0103 pentru a implementa m\u0103suri de r\u0103spuns.<\/p>\n<p>\u0218efa B\u0103ncii Centrale Europene avertizeaz\u0103 c\u0103 Uniunea traverseaz\u0103 un moment existen\u021bial critic. Christine Lagarde las\u0103 de \u00een\u021beles c\u0103 Europa a ajuns acum la m\u00e2na unei Americi care \u0219i-a schimbat comportamentul.\u00a0<\/p>\n<p>\u201ePredecesorul meu de la Banca Central\u0103 European\u0103, Mario Draghi a f\u0103cut un diagnostic foarte solid despre situa\u021bia \u00een care ne afl\u0103m \u0219i despre sl\u0103biciunile noastre. De asemenea, a identificat c\u00e2teva puncte forte. Iar acum primim acest mare impuls, deoarece un alt juc\u0103tor important din economia global\u0103 organizeaz\u0103 lucrurile \u00eentr-un mod diferit \u0219i amenin\u021b\u0103 unii dintre partenerii \u0219i actorii cu care acea \u021bar\u0103 obi\u0219nuia s\u0103 colaboreze\u201d, a declarat, pentru CNBC, \u00eentr-un interviu acordat la Davos.<\/p>\n<p><a href=\"https:\/\/www.realitatea.net\/stiri\/actual\/sefa-bce-spune-ca-europa-a-ajuns-la-mana-unei-americi-care-sia-schimbat-comportamentul_67922c65e558db1451365fe2\" target=\"_blank\">\u0218efa BCE spune c\u0103 Europa a ajuns la m\u00e2na unei Americi care \u0219i-a schimbat comportamentul<\/a><\/p>","protected":false},"excerpt":{"rendered":"<p>&#8216;Suntem preg\u0103ti\u021bi s\u0103 discut\u0103m cu noua administra\u021bie cum ne putem consolida rela\u021biile, fie c\u0103 este&hellip;<\/p>\n","protected":false},"author":0,"featured_media":26222,"comment_status":"open","ping_status":"open","sticky":false,"template":"","format":"standard","meta":{"footnotes":""},"categories":[2],"tags":[],"class_list":["post-26233","post","type-post","status-publish","format-standard","has-post-thumbnail","hentry","category-actual"],"_links":{"self":[{"href":"https:\/\/247stiri.ro\/index.php\/wp-json\/wp\/v2\/posts\/26233","targetHints":{"allow":["GET"]}}],"collection":[{"href":"https:\/\/247stiri.ro\/index.php\/wp-json\/wp\/v2\/posts"}],"about":[{"href":"https:\/\/247stiri.ro\/index.php\/wp-json\/wp\/v2\/types\/post"}],"replies":[{"embeddable":true,"href":"https:\/\/247stiri.ro\/index.php\/wp-json\/wp\/v2\/comments?post=26233"}],"version-history":[{"count":0,"href":"https:\/\/247stiri.ro\/index.php\/wp-json\/wp\/v2\/posts\/26233\/revisions"}],"wp:featuredmedia":[{"embeddable":true,"href":"https:\/\/247stiri.ro\/index.php\/wp-json\/wp\/v2\/media\/26222"}],"wp:attachment":[{"href":"https:\/\/247stiri.ro\/index.php\/wp-json\/wp\/v2\/media?parent=26233"}],"wp:term":[{"taxonomy":"category","embeddable":true,"href":"https:\/\/247stiri.ro\/index.php\/wp-json\/wp\/v2\/categories?post=26233"},{"taxonomy":"post_tag","embeddable":true,"href":"https:\/\/247stiri.ro\/index.php\/wp-json\/wp\/v2\/tags?post=26233"}],"curies":[{"name":"wp","href":"https:\/\/api.w.org\/{rel}","templated":true}]}}