{"id":26254,"date":"2025-01-24T10:52:57","date_gmt":"2025-01-24T10:52:57","guid":{"rendered":"https:\/\/247stiri.ro\/index.php\/2025\/01\/24\/politicienii-psd-si-pnl-huiduiti-la-iasi-la-manifestarile-oficiale-de-ziua-unirii-s-au-auzit-fluieraturi-si-in-timpul-slujbei-religioase-video\/"},"modified":"2025-01-24T10:52:57","modified_gmt":"2025-01-24T10:52:57","slug":"politicienii-psd-si-pnl-huiduiti-la-iasi-la-manifestarile-oficiale-de-ziua-unirii-s-au-auzit-fluieraturi-si-in-timpul-slujbei-religioase-video","status":"publish","type":"post","link":"https:\/\/247stiri.ro\/index.php\/2025\/01\/24\/politicienii-psd-si-pnl-huiduiti-la-iasi-la-manifestarile-oficiale-de-ziua-unirii-s-au-auzit-fluieraturi-si-in-timpul-slujbei-religioase-video\/","title":{"rendered":"Politicienii PSD \u015fi PNL, huidui\u0163i la Ia\u0219i, la manifest\u0103rile oficiale de Ziua Unirii. S-au auzit fluier\u0103turi \u015fi \u00een timpul slujbei religioase &#8211; VIDEO"},"content":{"rendered":"<p>Printre politicienii locali care au sosit primii \u00een pia\u0163\u0103 s-au aflat primarul Ia\u015fiului, Mihai Chirica, dar \u015fi vicepre\u015fedintele Consiliului Jude\u0163ean Ia\u015fi, Marius Dang\u0103, ambii membri PNL, ace\u015ftia fiind huidui\u0163i de mul\u0163ime, potrivit presei locale.<\/p>\n\n<p>\u015ei reprezentan\u0163ii PSD Ia\u015fi au fost \u00eent\u00e2mpina\u0163i cu fluier\u0103turi \u00een momentul \u00een care au ajuns \u00een Pia\u0163a Unirii.<\/p>\n<p>\u00a0<\/p>\n<p>VIDEO Fluier\u0103turi \u00een timpul slujbei religioase SURSA Ziarul de Ia\u015fi<\/p>\n<p>Oamenii au strigat, printre altele, \u201dHo\u0163ii, Ho\u0163ii\u201d, \u201dTr\u0103d\u0103torii\u201d \u015fi \u201dGeorgescu pre\u015fedinte\u201d.<\/p>\n<p>Niciun lider politic de la Bucure\u015fti nu este prezent la evenimentul de la Ia\u015fi.<\/p>\n<p>Oamenii au vociferat \u015fi huiduit inclusiv \u00een timpul slujbei religioase, motiv pentru care unul dintre preo\u0163i i-a \u00eendemnat pe cei prezen\u0163i la eveniment s\u0103 fac\u0103 lini\u015fte, potrivit.<\/p>\n<p>\u00a0<\/p>\n<p>\u00a0<\/p>","protected":false},"excerpt":{"rendered":"<p>Printre politicienii locali care au sosit primii \u00een pia\u0163\u0103 s-au aflat primarul Ia\u015fiului, Mihai Chirica,&hellip;<\/p>\n","protected":false},"author":0,"featured_media":26249,"comment_status":"open","ping_status":"open","sticky":false,"template":"","format":"standard","meta":{"footnotes":""},"categories":[2],"tags":[],"class_list":["post-26254","post","type-post","status-publish","format-standard","has-post-thumbnail","hentry","category-actual"],"_links":{"self":[{"href":"https:\/\/247stiri.ro\/index.php\/wp-json\/wp\/v2\/posts\/26254","targetHints":{"allow":["GET"]}}],"collection":[{"href":"https:\/\/247stiri.ro\/index.php\/wp-json\/wp\/v2\/posts"}],"about":[{"href":"https:\/\/247stiri.ro\/index.php\/wp-json\/wp\/v2\/types\/post"}],"replies":[{"embeddable":true,"href":"https:\/\/247stiri.ro\/index.php\/wp-json\/wp\/v2\/comments?post=26254"}],"version-history":[{"count":0,"href":"https:\/\/247stiri.ro\/index.php\/wp-json\/wp\/v2\/posts\/26254\/revisions"}],"wp:featuredmedia":[{"embeddable":true,"href":"https:\/\/247stiri.ro\/index.php\/wp-json\/wp\/v2\/media\/26249"}],"wp:attachment":[{"href":"https:\/\/247stiri.ro\/index.php\/wp-json\/wp\/v2\/media?parent=26254"}],"wp:term":[{"taxonomy":"category","embeddable":true,"href":"https:\/\/247stiri.ro\/index.php\/wp-json\/wp\/v2\/categories?post=26254"},{"taxonomy":"post_tag","embeddable":true,"href":"https:\/\/247stiri.ro\/index.php\/wp-json\/wp\/v2\/tags?post=26254"}],"curies":[{"name":"wp","href":"https:\/\/api.w.org\/{rel}","templated":true}]}}